{"id":3748,"date":"2023-06-05T16:57:37","date_gmt":"2023-06-05T14:57:37","guid":{"rendered":"https:\/\/www.ccvalguiers.fr\/infos\/?p=3748"},"modified":"2025-11-13T15:04:44","modified_gmt":"2025-11-13T14:04:44","slug":"petite-ville-de-demain-phase-2","status":"publish","type":"post","link":"https:\/\/www.ccvalguiers.fr\/infos\/petite-ville-de-demain-phase-2\/","title":{"rendered":"Petite ville de demain : phase 2"},"content":{"rendered":"<p>[et_pb_section fb_built=\u00a0\u00bb1&Prime; _builder_version=\u00a0\u00bb4.21.0&Prime; _module_preset=\u00a0\u00bbdefault\u00a0\u00bb background_color=\u00a0\u00bbRGBA(255,255,255,0)\u00a0\u00bb width=\u00a0\u00bb100%\u00a0\u00bb max_width=\u00a0\u00bb100%\u00a0\u00bb module_alignment=\u00a0\u00bbcenter\u00a0\u00bb custom_margin=\u00a0\u00bb0px||0px||false|false\u00a0\u00bb custom_padding=\u00a0\u00bb0px||0px||false|false\u00a0\u00bb hover_enabled=\u00a0\u00bb0&Prime; global_colors_info=\u00a0\u00bb{}\u00a0\u00bb sticky_enabled=\u00a0\u00bb0&Prime; locked=\u00a0\u00bboff\u00a0\u00bb][et_pb_row column_structure=\u00a0\u00bb3_5,1_5,1_5&Prime; use_custom_gutter=\u00a0\u00bbon\u00a0\u00bb gutter_width=\u00a0\u00bb1&Prime; make_equal=\u00a0\u00bbon\u00a0\u00bb _builder_version=\u00a0\u00bb4.21.0&Prime; _module_preset=\u00a0\u00bbdefault\u00a0\u00bb width=\u00a0\u00bb100%\u00a0\u00bb hover_enabled=\u00a0\u00bb0&Prime; global_colors_info=\u00a0\u00bb{}\u00a0\u00bb custom_padding=\u00a0\u00bb0px||0px||false|false\u00a0\u00bb sticky_enabled=\u00a0\u00bb0&Prime;][et_pb_column type=\u00a0\u00bb3_5&Prime; _builder_version=\u00a0\u00bb4.21.0&Prime; _module_preset=\u00a0\u00bbdefault\u00a0\u00bb global_colors_info=\u00a0\u00bb{}\u00a0\u00bb][et_pb_image src=\u00a0\u00bbhttps:\/\/www.ccvalguiers.fr\/infos\/wp-content\/uploads\/2023\/06\/Actualites-Signature-convention-petite-ville-de-demain-phase-2.jpg\u00a0\u00bb alt=\u00a0\u00bbActualit\u00e9s-Signature convention petite ville de demain phase 2&Prime; title_text=\u00a0\u00bbActualit\u00e9s-Signature convention petite ville de demain phase 2&Prime; align=\u00a0\u00bbcenter\u00a0\u00bb _builder_version=\u00a0\u00bb4.21.0&Prime; _module_preset=\u00a0\u00bbdefault\u00a0\u00bb custom_margin=\u00a0\u00bb||22px||false|false\u00a0\u00bb custom_padding=\u00a0\u00bb0px||0px||false|false\u00a0\u00bb custom_padding_tablet=\u00a0\u00bb0px||||false|false\u00a0\u00bb custom_padding_phone=\u00a0\u00bb0px||||false|false\u00a0\u00bb custom_padding_last_edited=\u00a0\u00bbon|phone\u00a0\u00bb hover_enabled=\u00a0\u00bb0&Prime; global_colors_info=\u00a0\u00bb{}\u00a0\u00bb sticky_enabled=\u00a0\u00bb0&Prime;][\/et_pb_image][et_pb_text _builder_version=\u00a0\u00bb4.21.0&Prime; _module_preset=\u00a0\u00bbdefault\u00a0\u00bb text_line_height=\u00a0\u00bb2em\u00a0\u00bb header_line_height=\u00a0\u00bb1.4em\u00a0\u00bb custom_margin=\u00a0\u00bb||0px||false|false\u00a0\u00bb custom_padding=\u00a0\u00bb0px||0px||false|false\u00a0\u00bb global_colors_info=\u00a0\u00bb{}\u00a0\u00bb]<\/p>\n<p><strong>Les programmes Petite ville de demain Pont-de-Beauvoisin et Saint-Genix-les-Villages entrent dans leurs phases op\u00e9rationnelles apr\u00e8s la signature, ce vendredi 02 juin 2023, des conventions cadre pr\u00e9cisant les projets de territoire des deux communes.<\/strong><\/p>\n<p>Ces projets de territoire ont pour objectif la <strong>redynamisation des deux centres bourgs<\/strong> largement impact\u00e9s par la d\u00e9prise commerciale et la faible attractivit\u00e9 de leur habitat.<\/p>\n<p>\u00c0 Pont-de-Beauvoisin, les deux Pr\u00e9fets (Is\u00e8re et Savoie), les deux Pr\u00e9sidents des intercommunalit\u00e9s (Vals du Dauphin\u00e9 et Val Guiers) et les deux Maires (Pont de Beauvoisin Is\u00e8re et Savoie) ont sign\u00e9 une<strong> convention qui les engagent \u00e0 la poursuite des objectifs suivants :<\/strong><strong><\/strong><\/p>\n<ul>\n<li>Restaurer l\u2019attractivit\u00e9 du centre-bourg ;<\/li>\n<li>Dynamiser l\u2019\u00e9conomie en centre-bourg ;<\/li>\n<li>S\u2019engager dans la transition \u00e9cologique et \u00e9nerg\u00e9tique ;<\/li>\n<li>P\u00e9renniser les solidarit\u00e9s \u00e0 l\u2019\u00e9chelle du bassin de vie ;<\/li>\n<li>Cr\u00e9er une dynamique collective.<\/li>\n<\/ul>\n<p>[\/et_pb_text][et_pb_text _builder_version=\u00a0\u00bb4.21.0&Prime; _module_preset=\u00a0\u00bbdefault\u00a0\u00bb custom_margin=\u00a0\u00bb||0px||false|false\u00a0\u00bb custom_padding=\u00a0\u00bb||0px||false|false\u00a0\u00bb global_colors_info=\u00a0\u00bb{}\u00a0\u00bb]<\/p>\n<h4><span style=\"font-size: 16px; font-weight: 500;\">Puis les repr\u00e9sentants des institutions savoyardes se sont retrouv\u00e9s \u00e0 Saint-Genix-les-Villages pour le m\u00eame exercice d\u2019approbation de<strong> 4 orientations strat\u00e9giques<\/strong> :<\/span><\/h4>\n<ul>\n<li>Lutter contre la vacance (habitat\/commerce) en provoquant l\u2019installation des foyers, des commerces et des services dans le centre-bourg ;<\/li>\n<li>(Re)Penser un centre-bourg accessible ;<\/li>\n<li>Valoriser les espaces urbains, naturels, patrimoniaux et culturels ;<\/li>\n<li>Engager la transition \u00e9nerg\u00e9tique.<\/li>\n<\/ul>\n<p>[\/et_pb_text][et_pb_image src=\u00a0\u00bbhttps:\/\/www.ccvalguiers.fr\/infos\/wp-content\/uploads\/2023\/06\/Actualites-Signature-convention-petite-ville-de-demain-phase-2-2.jpg\u00a0\u00bb alt=\u00a0\u00bbActualit\u00e9s-Signature convention petite ville de demain phase 2&Prime; title_text=\u00a0\u00bbActualit\u00e9s-Signature convention petite ville de demain phase 2-2&Prime; align=\u00a0\u00bbcenter\u00a0\u00bb _builder_version=\u00a0\u00bb4.21.0&Prime; _module_preset=\u00a0\u00bbdefault\u00a0\u00bb global_colors_info=\u00a0\u00bb{}\u00a0\u00bb][\/et_pb_image][et_pb_text _builder_version=\u00a0\u00bb4.21.0&Prime; _module_preset=\u00a0\u00bbdefault\u00a0\u00bb global_colors_info=\u00a0\u00bb{}\u00a0\u00bb]<\/p>\n<p>L\u2019heure est maintenant \u00e0 la <strong>mise en \u0153uvre des plans d\u2019actions<\/strong>.<br \/>Certaines d\u00e9buteront <strong>d\u00e8s 2023<\/strong> telles que la <strong>r\u00e9novation de l\u2019\u00e9tage du lieu partag\u00e9 Clic\u2019 &amp; Ressources France Services<\/strong>, l\u2019<strong>am\u00e9nagement de l\u2019esplanade du Guiers<\/strong>, un <strong>plan de mobilit\u00e9 active<\/strong> (\u00e0 Saint-Genix-les-Villages), la <strong>r\u00e9novation et l\u2019extension du local Val Guiers Ados<\/strong>, une \u00e9tude mobilit\u00e9 \u00e0 Pont-de-Beauvoisin.<\/p>\n<p>Bien d\u2019autres actions devront d\u00e9buter en 2023 et 2024 pour redonner aux deux centres bourgs leur attractivit\u00e9 d\u2019antan.<\/p>\n<p>[\/et_pb_text][et_pb_text _builder_version=\u00a0\u00bb4.21.0&Prime; _module_preset=\u00a0\u00bbdefault\u00a0\u00bb custom_margin=\u00a0\u00bb0px||||false|false\u00a0\u00bb custom_padding=\u00a0\u00bb17px||||false|false\u00a0\u00bb border_width_top=\u00a0\u00bb2px\u00a0\u00bb border_color_top=\u00a0\u00bb#0C424A\u00a0\u00bb border_style_top=\u00a0\u00bbdotted\u00a0\u00bb global_colors_info=\u00a0\u00bb{}\u00a0\u00bb]<\/p>\n<h4><img loading=\"lazy\" decoding=\"async\" src=\"https:\/\/www.ccvalguiers.fr\/infos\/wp-content\/uploads\/2022\/07\/puce.png\" width=\"27\" height=\"24\" alt=\"\" class=\"wp-image-209 alignnone size-full\" \/> <span>Documents annexes<\/span><\/h4>\n<ul>\n<li><span><a href=\"https:\/\/www.ccvalguiers.fr\/infos\/2023-06-02_convention-cadre-pont-de-beauvoisin_signee-2\/\" rel=\"attachment noopener wp-att-3759\" target=\"_blank\">2023.06.02- Convention cadre Pont-de-Beauvoisin sign\u00e9e<\/a><\/span><\/li>\n<li><span><a href=\"https:\/\/www.ccvalguiers.fr\/infos\/wp-content\/uploads\/2023\/06\/2023.06.02_Convention-cadre-SGX-Signee-2.pdf\" rel=\"attachment noopener wp-att-3760\" target=\"_blank\">2023.06.02 &#8211; Convention cadre Saint-Genix-les-Villages sign\u00e9e<\/a><\/span><\/li>\n<li><span><a href=\"https:\/\/www.ccvalguiers.fr\/infos\/2023-06-02_convention-cadre-val-guiers-2\/\" rel=\"attachment noopener wp-att-3761\" target=\"_blank\">2023.06.02 &#8211; Convention cadre Val Guiers<\/a><\/span><\/li>\n<\/ul>\n<p>[\/et_pb_text][\/et_pb_column][et_pb_column type=\u00a0\u00bb1_5&Prime; _builder_version=\u00a0\u00bb4.21.0&Prime; _module_preset=\u00a0\u00bbdefault\u00a0\u00bb global_colors_info=\u00a0\u00bb{}\u00a0\u00bb][et_pb_image src=\u00a0\u00bbhttps:\/\/www.ccvalguiers.fr\/infos\/wp-content\/uploads\/2024\/03\/Paul-REGALLET.jpg\u00a0\u00bb alt=\u00a0\u00bbPaul REGALLET &#8211; Pr\u00e9sident &#8211; CCVG\u00a0\u00bb title_text=\u00a0\u00bbPaul REGALLET &#8211; Pr\u00e9sident &#8211; CCVG\u00a0\u00bb align=\u00a0\u00bbcenter\u00a0\u00bb _builder_version=\u00a0\u00bb4.21.0&Prime; _module_preset=\u00a0\u00bbdefault\u00a0\u00bb width=\u00a0\u00bb50%\u00a0\u00bb width_tablet=\u00a0\u00bb24%\u00a0\u00bb width_phone=\u00a0\u00bb45%\u00a0\u00bb width_last_edited=\u00a0\u00bbon|phone\u00a0\u00bb module_alignment=\u00a0\u00bbcenter\u00a0\u00bb custom_padding=\u00a0\u00bb0px||||false|false\u00a0\u00bb custom_padding_tablet=\u00a0\u00bb20px||||false|false\u00a0\u00bb custom_padding_phone=\u00a0\u00bb20px||||false|false\u00a0\u00bb custom_padding_last_edited=\u00a0\u00bbon|phone\u00a0\u00bb locked=\u00a0\u00bboff\u00a0\u00bb global_colors_info=\u00a0\u00bb{}\u00a0\u00bb][\/et_pb_image][et_pb_text _builder_version=\u00a0\u00bb4.21.0&Prime; _module_preset=\u00a0\u00bbdefault\u00a0\u00bb text_font=\u00a0\u00bb||on||||||\u00a0\u00bb text_text_color=\u00a0\u00bb#096A87&Prime; text_font_size=\u00a0\u00bb13px\u00a0\u00bb text_line_height=\u00a0\u00bb1.4em\u00a0\u00bb text_orientation=\u00a0\u00bbcenter\u00a0\u00bb custom_padding=\u00a0\u00bb8px||20px||false|false\u00a0\u00bb hover_enabled=\u00a0\u00bb0&Prime; global_colors_info=\u00a0\u00bb{}\u00a0\u00bb custom_padding_last_edited=\u00a0\u00bbon|phone\u00a0\u00bb sticky_enabled=\u00a0\u00bb0&Prime; custom_padding_phone=\u00a0\u00bb||49px||false|false\u00a0\u00bb custom_padding_tablet=\u00a0\u00bb8px||20px||false|false\u00a0\u00bb]<\/p>\n<p>Paul REGALLET<br \/>Pr\u00e9sident de la CCVG<\/p>\n<p>[\/et_pb_text][et_pb_image src=\u00a0\u00bbhttps:\/\/www.ccvalguiers.fr\/infos\/wp-content\/uploads\/2024\/03\/Jean-Claude-PARAVY.jpg\u00a0\u00bb alt=\u00a0\u00bbJean-Claude PARAVY &#8211; 4\u00e8me Vice-Pr\u00e9sident &#8211; CCVG\u00a0\u00bb title_text=\u00a0\u00bbJean-Claude PARAVY\u00a0\u00bb align=\u00a0\u00bbcenter\u00a0\u00bb _builder_version=\u00a0\u00bb4.21.0&Prime; _module_preset=\u00a0\u00bbdefault\u00a0\u00bb width=\u00a0\u00bb50%\u00a0\u00bb width_tablet=\u00a0\u00bb24%\u00a0\u00bb width_phone=\u00a0\u00bb45%\u00a0\u00bb width_last_edited=\u00a0\u00bbon|phone\u00a0\u00bb module_alignment=\u00a0\u00bbcenter\u00a0\u00bb custom_padding=\u00a0\u00bb0px||||false|false\u00a0\u00bb custom_padding_tablet=\u00a0\u00bb20px||||false|false\u00a0\u00bb custom_padding_phone=\u00a0\u00bb20px||||false|false\u00a0\u00bb custom_padding_last_edited=\u00a0\u00bbon|phone\u00a0\u00bb hover_enabled=\u00a0\u00bb0&Prime; locked=\u00a0\u00bboff\u00a0\u00bb global_colors_info=\u00a0\u00bb{}\u00a0\u00bb sticky_enabled=\u00a0\u00bb0&Prime;][\/et_pb_image][et_pb_text _builder_version=\u00a0\u00bb4.21.0&Prime; _module_preset=\u00a0\u00bbdefault\u00a0\u00bb text_font=\u00a0\u00bb||on||||||\u00a0\u00bb text_text_color=\u00a0\u00bb#096A87&Prime; text_font_size=\u00a0\u00bb13px\u00a0\u00bb text_line_height=\u00a0\u00bb1.4em\u00a0\u00bb text_orientation=\u00a0\u00bbcenter\u00a0\u00bb custom_padding=\u00a0\u00bb8px||20px||false|false\u00a0\u00bb hover_enabled=\u00a0\u00bb0&Prime; global_colors_info=\u00a0\u00bb{}\u00a0\u00bb custom_padding_last_edited=\u00a0\u00bbon|phone\u00a0\u00bb sticky_enabled=\u00a0\u00bb0&Prime; custom_padding_phone=\u00a0\u00bb||49px||false|false\u00a0\u00bb custom_padding_tablet=\u00a0\u00bb8px||20px||false|false\u00a0\u00bb]<\/p>\n<p>Jean-Claude PARAVY<br \/>4\u00e8me Vice-Pr\u00e9sident<\/p>\n<p>[\/et_pb_text][et_pb_image src=\u00a0\u00bbhttps:\/\/www.ccvalguiers.fr\/infos\/wp-content\/uploads\/2024\/03\/Christian-BERTHOLLIER.jpg\u00a0\u00bb alt=\u00a0\u00bbChristian BERTHOLLIER &#8211; 7\u00e8me Vice-Pr\u00e9sident &#8211; CCVG\u00a0\u00bb title_text=\u00a0\u00bbChristian BERTHOLLIER &#8211; 7\u00e8me Vice-Pr\u00e9sident &#8211; CCVG\u00a0\u00bb align=\u00a0\u00bbcenter\u00a0\u00bb _builder_version=\u00a0\u00bb4.21.0&Prime; _module_preset=\u00a0\u00bbdefault\u00a0\u00bb width=\u00a0\u00bb50%\u00a0\u00bb width_tablet=\u00a0\u00bb24%\u00a0\u00bb width_phone=\u00a0\u00bb45%\u00a0\u00bb width_last_edited=\u00a0\u00bbon|phone\u00a0\u00bb module_alignment=\u00a0\u00bbcenter\u00a0\u00bb custom_padding=\u00a0\u00bb0px||||false|false\u00a0\u00bb custom_padding_tablet=\u00a0\u00bb20px||||false|false\u00a0\u00bb custom_padding_phone=\u00a0\u00bb20px||||false|false\u00a0\u00bb custom_padding_last_edited=\u00a0\u00bbon|phone\u00a0\u00bb hover_enabled=\u00a0\u00bb0&Prime; locked=\u00a0\u00bboff\u00a0\u00bb global_colors_info=\u00a0\u00bb{}\u00a0\u00bb sticky_enabled=\u00a0\u00bb0&Prime;][\/et_pb_image][et_pb_text _builder_version=\u00a0\u00bb4.21.0&Prime; _module_preset=\u00a0\u00bbdefault\u00a0\u00bb text_font=\u00a0\u00bb||on||||||\u00a0\u00bb text_text_color=\u00a0\u00bb#096A87&Prime; text_font_size=\u00a0\u00bb13px\u00a0\u00bb text_line_height=\u00a0\u00bb1.4em\u00a0\u00bb text_orientation=\u00a0\u00bbcenter\u00a0\u00bb custom_padding=\u00a0\u00bb8px||20px||false|false\u00a0\u00bb hover_enabled=\u00a0\u00bb0&Prime; global_colors_info=\u00a0\u00bb{}\u00a0\u00bb custom_padding_last_edited=\u00a0\u00bbon|phone\u00a0\u00bb sticky_enabled=\u00a0\u00bb0&Prime; custom_padding_phone=\u00a0\u00bb||49px||false|false\u00a0\u00bb custom_padding_tablet=\u00a0\u00bb8px||20px||false|false\u00a0\u00bb]<\/p>\n<p>Christian BERTHOLLIER <br \/>7\u00e8me Vice-Pr\u00e9sident<\/p>\n<p>[\/et_pb_text][\/et_pb_column][et_pb_column type=\u00a0\u00bb1_5&Prime; _builder_version=\u00a0\u00bb4.21.0&Prime; _module_preset=\u00a0\u00bbdefault\u00a0\u00bb global_colors_info=\u00a0\u00bb{}\u00a0\u00bb][et_pb_blurb title=\u00a0\u00bbLiens utiles\u00a0\u00bb use_icon=\u00a0\u00bbon\u00a0\u00bb font_icon=\u00a0\u00bb&#xf2f6;||fa||900&Prime; icon_color=\u00a0\u00bb#67BFBF\u00a0\u00bb image_icon_background_color=\u00a0\u00bbRGBA(255,255,255,0)\u00a0\u00bb icon_placement=\u00a0\u00bbleft\u00a0\u00bb image_icon_width=\u00a0\u00bb35px\u00a0\u00bb _builder_version=\u00a0\u00bb4.21.0&Prime; _module_preset=\u00a0\u00bbdefault\u00a0\u00bb header_font=\u00a0\u00bb|600|||||||\u00a0\u00bb header_text_color=\u00a0\u00bb#0C424A\u00a0\u00bb header_font_size=\u00a0\u00bb15px\u00a0\u00bb body_text_color=\u00a0\u00bb#0C424A\u00a0\u00bb body_font_size=\u00a0\u00bb14px\u00a0\u00bb body_line_height=\u00a0\u00bb1.3em\u00a0\u00bb body_link_text_color=\u00a0\u00bb#0C424A\u00a0\u00bb body_link_font_size=\u00a0\u00bb14px\u00a0\u00bb image_icon_custom_margin=\u00a0\u00bb0px||0px||false|false\u00a0\u00bb image_icon_custom_padding=\u00a0\u00bb10px||10px|16px|false|false\u00a0\u00bb custom_margin=\u00a0\u00bb0px||0px||false|false\u00a0\u00bb custom_margin_tablet=\u00a0\u00bb0px||||false|false\u00a0\u00bb custom_margin_phone=\u00a0\u00bb0px||||false|false\u00a0\u00bb custom_margin_last_edited=\u00a0\u00bbon|phone\u00a0\u00bb custom_padding=\u00a0\u00bb10px||10px||false|false\u00a0\u00bb animation_style=\u00a0\u00bbfade\u00a0\u00bb border_color_all=\u00a0\u00bb#0C424A\u00a0\u00bb border_width_left=\u00a0\u00bb5px\u00a0\u00bb border_color_left_image=\u00a0\u00bb#E51A2F\u00a0\u00bb global_module=\u00a0\u00bb4739&Prime; saved_tabs=\u00a0\u00bball\u00a0\u00bb locked=\u00a0\u00bboff\u00a0\u00bb global_colors_info=\u00a0\u00bb{}\u00a0\u00bb body_link_text_color__hover_enabled=\u00a0\u00bbon|desktop\u00a0\u00bb body_link_text_color__hover=\u00a0\u00bb#E51A2F\u00a0\u00bb]<\/p>\n<p>Actualit\u00e9s<\/p>\n<p>[\/et_pb_blurb][et_pb_cta title=\u00a0\u00bbL&rsquo;actu de la CCVG sur votre smartphone ou votre ordinateur\u00a0\u00bb button_url=\u00a0\u00bbhttps:\/\/app.panneaupocket.com\/\u00a0\u00bb url_new_window=\u00a0\u00bbon\u00a0\u00bb button_text=\u00a0\u00bbEn savoir +\u00a0\u00bb _builder_version=\u00a0\u00bb4.21.0&Prime; _module_preset=\u00a0\u00bbdefault\u00a0\u00bb header_font=\u00a0\u00bb|800|||||||\u00a0\u00bb header_text_align=\u00a0\u00bbcenter\u00a0\u00bb header_text_color=\u00a0\u00bb#0C424A\u00a0\u00bb header_font_size=\u00a0\u00bb15px\u00a0\u00bb header_line_height=\u00a0\u00bb1.3em\u00a0\u00bb body_text_color=\u00a0\u00bb#0C424A\u00a0\u00bb background_color=\u00a0\u00bb#FFFFFF\u00a0\u00bb custom_button=\u00a0\u00bbon\u00a0\u00bb button_bg_color=\u00a0\u00bb#0C424A\u00a0\u00bb button_border_radius=\u00a0\u00bb0px\u00a0\u00bb custom_margin=\u00a0\u00bb0px||0px||false|false\u00a0\u00bb custom_padding=\u00a0\u00bb||||false|false\u00a0\u00bb animation_style=\u00a0\u00bbfade\u00a0\u00bb animation_direction=\u00a0\u00bbtop\u00a0\u00bb animation_duration=\u00a0\u00bb1400ms\u00a0\u00bb border_color_all=\u00a0\u00bb#0C424A\u00a0\u00bb border_style_all=\u00a0\u00bbdotted\u00a0\u00bb border_width_left=\u00a0\u00bb5px\u00a0\u00bb border_style_left=\u00a0\u00bbsolid\u00a0\u00bb box_shadow_style=\u00a0\u00bbpreset1&Prime; box_shadow_color=\u00a0\u00bbrgba(0,0,0,0.12)\u00a0\u00bb global_module=\u00a0\u00bb4740&Prime; locked=\u00a0\u00bboff\u00a0\u00bb global_colors_info=\u00a0\u00bb{}\u00a0\u00bb button_bg_color__hover_enabled=\u00a0\u00bbon|hover\u00a0\u00bb button_bg_color__hover=\u00a0\u00bb#E51A2F\u00a0\u00bb button_bg_enable_color__hover=\u00a0\u00bbon\u00a0\u00bb]<\/p>\n<p style=\"text-align: center;\"><img loading=\"lazy\" decoding=\"async\" src=\"https:\/\/www.ccvalguiers.fr\/infos\/wp-content\/uploads\/2022\/07\/panneaupocket.jpg\" width=\"1064\" height=\"204\" alt=\"panneaupocket\" class=\"wp-image-307 aligncenter size-full\" srcset=\"https:\/\/www.ccvalguiers.fr\/infos\/wp-content\/uploads\/2022\/07\/panneaupocket.jpg 1064w, https:\/\/www.ccvalguiers.fr\/infos\/wp-content\/uploads\/2022\/07\/panneaupocket-980x188.jpg 980w, https:\/\/www.ccvalguiers.fr\/infos\/wp-content\/uploads\/2022\/07\/panneaupocket-480x92.jpg 480w\" sizes=\"(min-width: 0px) and (max-width: 480px) 480px, (min-width: 481px) and (max-width: 980px) 980px, (min-width: 981px) 1064px, 100vw\" \/><\/p>\n<p>[\/et_pb_cta][\/et_pb_column][\/et_pb_row][\/et_pb_section]<\/p>\n","protected":false},"excerpt":{"rendered":"<p>Les programmes Petite ville de demain Pont-de-Beauvoisin et Saint-Genix-les-Villages entrent dans leurs phases op\u00e9rationnelles apr\u00e8s la signature, ce vendredi 02 juin 2023, des conventions cadre pr\u00e9cisant les projets de territoire des deux communes. Ces projets de territoire ont pour objectif la redynamisation des deux centres bourgs largement impact\u00e9s par la d\u00e9prise commerciale et la faible [&hellip;]<\/p>\n","protected":false},"author":1,"featured_media":3755,"comment_status":"closed","ping_status":"closed","sticky":false,"template":"","format":"standard","meta":{"_et_pb_use_builder":"on","_et_pb_old_content":"","_et_gb_content_width":"1080","footnotes":""},"categories":[31],"tags":[],"class_list":["post-3748","post","type-post","status-publish","format-standard","has-post-thumbnail","hentry","category-actualites"],"yoast_head":"<!-- This site is optimized with the Yoast SEO plugin v27.5 - https:\/\/yoast.com\/product\/yoast-seo-wordpress\/ -->\n<title>Petite ville de demain : phase 2<\/title>\n<meta name=\"description\" content=\"Petite ville de demain : phase 2 | CCVG | Actualit\u00e9s de la Communaut\u00e9 de communes Val Guiers, Avant-Pays savoyard - 73330\" \/>\n<meta name=\"robots\" content=\"index, follow, max-snippet:-1, max-image-preview:large, max-video-preview:-1\" \/>\n<link rel=\"canonical\" href=\"https:\/\/www.ccvalguiers.fr\/infos\/petite-ville-de-demain-phase-2\/\" \/>\n<meta property=\"og:locale\" content=\"fr_FR\" \/>\n<meta property=\"og:type\" content=\"article\" \/>\n<meta property=\"og:title\" content=\"Petite ville de demain : phase 2\" \/>\n<meta property=\"og:description\" content=\"Petite ville de demain : phase 2 | CCVG | Actualit\u00e9s de la Communaut\u00e9 de communes Val Guiers, Avant-Pays savoyard - 73330\" \/>\n<meta property=\"og:url\" content=\"https:\/\/www.ccvalguiers.fr\/infos\/petite-ville-de-demain-phase-2\/\" \/>\n<meta property=\"og:site_name\" content=\"Communaut\u00e9 de Communes Val Guiers\" \/>\n<meta property=\"article:published_time\" content=\"2023-06-05T14:57:37+00:00\" \/>\n<meta property=\"article:modified_time\" content=\"2025-11-13T14:04:44+00:00\" \/>\n<meta property=\"og:image\" content=\"https:\/\/www.ccvalguiers.fr\/infos\/wp-content\/uploads\/2023\/06\/Actualites-Signature-convention-petite-ville-de-demain-phase-2.jpg\" \/>\n\t<meta property=\"og:image:width\" content=\"900\" \/>\n\t<meta property=\"og:image:height\" content=\"675\" \/>\n\t<meta property=\"og:image:type\" content=\"image\/jpeg\" \/>\n<meta name=\"author\" content=\"CCVG\" \/>\n<meta name=\"twitter:card\" content=\"summary_large_image\" \/>\n<meta name=\"twitter:label1\" content=\"\u00c9crit par\" \/>\n\t<meta name=\"twitter:data1\" content=\"CCVG\" \/>\n\t<meta name=\"twitter:label2\" content=\"Dur\u00e9e de lecture estim\u00e9e\" \/>\n\t<meta name=\"twitter:data2\" content=\"1 minute\" \/>\n<script type=\"application\/ld+json\" class=\"yoast-schema-graph\">{\"@context\":\"https:\\\/\\\/schema.org\",\"@graph\":[{\"@type\":\"Article\",\"@id\":\"https:\\\/\\\/www.ccvalguiers.fr\\\/infos\\\/petite-ville-de-demain-phase-2\\\/#article\",\"isPartOf\":{\"@id\":\"https:\\\/\\\/www.ccvalguiers.fr\\\/infos\\\/petite-ville-de-demain-phase-2\\\/\"},\"author\":{\"name\":\"CCVG\",\"@id\":\"https:\\\/\\\/www.ccvalguiers.fr\\\/infos\\\/#\\\/schema\\\/person\\\/66b6887f24d6796cfa4a4e863009f4da\"},\"headline\":\"Petite ville de demain : phase 2\",\"datePublished\":\"2023-06-05T14:57:37+00:00\",\"dateModified\":\"2025-11-13T14:04:44+00:00\",\"mainEntityOfPage\":{\"@id\":\"https:\\\/\\\/www.ccvalguiers.fr\\\/infos\\\/petite-ville-de-demain-phase-2\\\/\"},\"wordCount\":1426,\"publisher\":{\"@id\":\"https:\\\/\\\/www.ccvalguiers.fr\\\/infos\\\/#organization\"},\"image\":{\"@id\":\"https:\\\/\\\/www.ccvalguiers.fr\\\/infos\\\/petite-ville-de-demain-phase-2\\\/#primaryimage\"},\"thumbnailUrl\":\"https:\\\/\\\/www.ccvalguiers.fr\\\/infos\\\/wp-content\\\/uploads\\\/2023\\\/06\\\/Actualites-Signature-convention-petite-ville-de-demain-phase-2.jpg\",\"articleSection\":[\"Actualit\u00e9s\"],\"inLanguage\":\"fr-FR\"},{\"@type\":\"WebPage\",\"@id\":\"https:\\\/\\\/www.ccvalguiers.fr\\\/infos\\\/petite-ville-de-demain-phase-2\\\/\",\"url\":\"https:\\\/\\\/www.ccvalguiers.fr\\\/infos\\\/petite-ville-de-demain-phase-2\\\/\",\"name\":\"Petite ville de demain : phase 2\",\"isPartOf\":{\"@id\":\"https:\\\/\\\/www.ccvalguiers.fr\\\/infos\\\/#website\"},\"primaryImageOfPage\":{\"@id\":\"https:\\\/\\\/www.ccvalguiers.fr\\\/infos\\\/petite-ville-de-demain-phase-2\\\/#primaryimage\"},\"image\":{\"@id\":\"https:\\\/\\\/www.ccvalguiers.fr\\\/infos\\\/petite-ville-de-demain-phase-2\\\/#primaryimage\"},\"thumbnailUrl\":\"https:\\\/\\\/www.ccvalguiers.fr\\\/infos\\\/wp-content\\\/uploads\\\/2023\\\/06\\\/Actualites-Signature-convention-petite-ville-de-demain-phase-2.jpg\",\"datePublished\":\"2023-06-05T14:57:37+00:00\",\"dateModified\":\"2025-11-13T14:04:44+00:00\",\"description\":\"Petite ville de demain : phase 2 | CCVG | Actualit\u00e9s de la Communaut\u00e9 de communes Val Guiers, Avant-Pays savoyard - 73330\",\"breadcrumb\":{\"@id\":\"https:\\\/\\\/www.ccvalguiers.fr\\\/infos\\\/petite-ville-de-demain-phase-2\\\/#breadcrumb\"},\"inLanguage\":\"fr-FR\",\"potentialAction\":[{\"@type\":\"ReadAction\",\"target\":[\"https:\\\/\\\/www.ccvalguiers.fr\\\/infos\\\/petite-ville-de-demain-phase-2\\\/\"]}]},{\"@type\":\"ImageObject\",\"inLanguage\":\"fr-FR\",\"@id\":\"https:\\\/\\\/www.ccvalguiers.fr\\\/infos\\\/petite-ville-de-demain-phase-2\\\/#primaryimage\",\"url\":\"https:\\\/\\\/www.ccvalguiers.fr\\\/infos\\\/wp-content\\\/uploads\\\/2023\\\/06\\\/Actualites-Signature-convention-petite-ville-de-demain-phase-2.jpg\",\"contentUrl\":\"https:\\\/\\\/www.ccvalguiers.fr\\\/infos\\\/wp-content\\\/uploads\\\/2023\\\/06\\\/Actualites-Signature-convention-petite-ville-de-demain-phase-2.jpg\",\"width\":900,\"height\":675,\"caption\":\"Actualit\u00e9s-Signature convention petite ville de demain phase 2\"},{\"@type\":\"BreadcrumbList\",\"@id\":\"https:\\\/\\\/www.ccvalguiers.fr\\\/infos\\\/petite-ville-de-demain-phase-2\\\/#breadcrumb\",\"itemListElement\":[{\"@type\":\"ListItem\",\"position\":1,\"name\":\"Accueil\",\"item\":\"https:\\\/\\\/www.ccvalguiers.fr\\\/infos\\\/\"},{\"@type\":\"ListItem\",\"position\":2,\"name\":\"Actualit\u00e9s\",\"item\":\"https:\\\/\\\/www.ccvalguiers.fr\\\/infos\\\/category\\\/actualites\\\/\"},{\"@type\":\"ListItem\",\"position\":3,\"name\":\"Petite ville de demain : phase 2\"}]},{\"@type\":\"WebSite\",\"@id\":\"https:\\\/\\\/www.ccvalguiers.fr\\\/infos\\\/#website\",\"url\":\"https:\\\/\\\/www.ccvalguiers.fr\\\/infos\\\/\",\"name\":\"Communaut\u00e9 de Communes Val Guiers\",\"description\":\"CCVG - Territoire de Val Guiers, de Pont-de-Beauvoisin \u00e0 Saint-Genix-les-Villages - 11 communes situ\u00e9es dans l&#039;Avant-Pays Savoyard\",\"publisher\":{\"@id\":\"https:\\\/\\\/www.ccvalguiers.fr\\\/infos\\\/#organization\"},\"alternateName\":\"CCVG\",\"potentialAction\":[{\"@type\":\"SearchAction\",\"target\":{\"@type\":\"EntryPoint\",\"urlTemplate\":\"https:\\\/\\\/www.ccvalguiers.fr\\\/infos\\\/?s={search_term_string}\"},\"query-input\":{\"@type\":\"PropertyValueSpecification\",\"valueRequired\":true,\"valueName\":\"search_term_string\"}}],\"inLanguage\":\"fr-FR\"},{\"@type\":\"Organization\",\"@id\":\"https:\\\/\\\/www.ccvalguiers.fr\\\/infos\\\/#organization\",\"name\":\"Communaut\u00e9 de Communes Val Guiers\",\"alternateName\":\"CCVG\",\"url\":\"https:\\\/\\\/www.ccvalguiers.fr\\\/infos\\\/\",\"logo\":{\"@type\":\"ImageObject\",\"inLanguage\":\"fr-FR\",\"@id\":\"https:\\\/\\\/www.ccvalguiers.fr\\\/infos\\\/#\\\/schema\\\/logo\\\/image\\\/\",\"url\":\"https:\\\/\\\/www.ccvalguiers.fr\\\/infos\\\/wp-content\\\/uploads\\\/2022\\\/07\\\/CC-Val-Guiers-logo-transp.png\",\"contentUrl\":\"https:\\\/\\\/www.ccvalguiers.fr\\\/infos\\\/wp-content\\\/uploads\\\/2022\\\/07\\\/CC-Val-Guiers-logo-transp.png\",\"width\":600,\"height\":602,\"caption\":\"Communaut\u00e9 de Communes Val Guiers\"},\"image\":{\"@id\":\"https:\\\/\\\/www.ccvalguiers.fr\\\/infos\\\/#\\\/schema\\\/logo\\\/image\\\/\"}},{\"@type\":\"Person\",\"@id\":\"https:\\\/\\\/www.ccvalguiers.fr\\\/infos\\\/#\\\/schema\\\/person\\\/66b6887f24d6796cfa4a4e863009f4da\",\"name\":\"CCVG\",\"image\":{\"@type\":\"ImageObject\",\"inLanguage\":\"fr-FR\",\"@id\":\"https:\\\/\\\/secure.gravatar.com\\\/avatar\\\/dc5d73baded898ee913c73539d946a61dc93931ee6b82a5f537a964c628a3a30?s=96&d=mm&r=g\",\"url\":\"https:\\\/\\\/secure.gravatar.com\\\/avatar\\\/dc5d73baded898ee913c73539d946a61dc93931ee6b82a5f537a964c628a3a30?s=96&d=mm&r=g\",\"contentUrl\":\"https:\\\/\\\/secure.gravatar.com\\\/avatar\\\/dc5d73baded898ee913c73539d946a61dc93931ee6b82a5f537a964c628a3a30?s=96&d=mm&r=g\",\"caption\":\"CCVG\"},\"sameAs\":[\"https:\\\/\\\/www.ccvalguiers.fr\\\/infos\"]}]}<\/script>\n<!-- \/ Yoast SEO plugin. -->","yoast_head_json":{"title":"Petite ville de demain : phase 2","description":"Petite ville de demain : phase 2 | CCVG | Actualit\u00e9s de la Communaut\u00e9 de communes Val Guiers, Avant-Pays savoyard - 73330","robots":{"index":"index","follow":"follow","max-snippet":"max-snippet:-1","max-image-preview":"max-image-preview:large","max-video-preview":"max-video-preview:-1"},"canonical":"https:\/\/www.ccvalguiers.fr\/infos\/petite-ville-de-demain-phase-2\/","og_locale":"fr_FR","og_type":"article","og_title":"Petite ville de demain : phase 2","og_description":"Petite ville de demain : phase 2 | CCVG | Actualit\u00e9s de la Communaut\u00e9 de communes Val Guiers, Avant-Pays savoyard - 73330","og_url":"https:\/\/www.ccvalguiers.fr\/infos\/petite-ville-de-demain-phase-2\/","og_site_name":"Communaut\u00e9 de Communes Val Guiers","article_published_time":"2023-06-05T14:57:37+00:00","article_modified_time":"2025-11-13T14:04:44+00:00","og_image":[{"width":900,"height":675,"url":"https:\/\/www.ccvalguiers.fr\/infos\/wp-content\/uploads\/2023\/06\/Actualites-Signature-convention-petite-ville-de-demain-phase-2.jpg","type":"image\/jpeg"}],"author":"CCVG","twitter_card":"summary_large_image","twitter_misc":{"\u00c9crit par":"CCVG","Dur\u00e9e de lecture estim\u00e9e":"1 minute"},"schema":{"@context":"https:\/\/schema.org","@graph":[{"@type":"Article","@id":"https:\/\/www.ccvalguiers.fr\/infos\/petite-ville-de-demain-phase-2\/#article","isPartOf":{"@id":"https:\/\/www.ccvalguiers.fr\/infos\/petite-ville-de-demain-phase-2\/"},"author":{"name":"CCVG","@id":"https:\/\/www.ccvalguiers.fr\/infos\/#\/schema\/person\/66b6887f24d6796cfa4a4e863009f4da"},"headline":"Petite ville de demain : phase 2","datePublished":"2023-06-05T14:57:37+00:00","dateModified":"2025-11-13T14:04:44+00:00","mainEntityOfPage":{"@id":"https:\/\/www.ccvalguiers.fr\/infos\/petite-ville-de-demain-phase-2\/"},"wordCount":1426,"publisher":{"@id":"https:\/\/www.ccvalguiers.fr\/infos\/#organization"},"image":{"@id":"https:\/\/www.ccvalguiers.fr\/infos\/petite-ville-de-demain-phase-2\/#primaryimage"},"thumbnailUrl":"https:\/\/www.ccvalguiers.fr\/infos\/wp-content\/uploads\/2023\/06\/Actualites-Signature-convention-petite-ville-de-demain-phase-2.jpg","articleSection":["Actualit\u00e9s"],"inLanguage":"fr-FR"},{"@type":"WebPage","@id":"https:\/\/www.ccvalguiers.fr\/infos\/petite-ville-de-demain-phase-2\/","url":"https:\/\/www.ccvalguiers.fr\/infos\/petite-ville-de-demain-phase-2\/","name":"Petite ville de demain : phase 2","isPartOf":{"@id":"https:\/\/www.ccvalguiers.fr\/infos\/#website"},"primaryImageOfPage":{"@id":"https:\/\/www.ccvalguiers.fr\/infos\/petite-ville-de-demain-phase-2\/#primaryimage"},"image":{"@id":"https:\/\/www.ccvalguiers.fr\/infos\/petite-ville-de-demain-phase-2\/#primaryimage"},"thumbnailUrl":"https:\/\/www.ccvalguiers.fr\/infos\/wp-content\/uploads\/2023\/06\/Actualites-Signature-convention-petite-ville-de-demain-phase-2.jpg","datePublished":"2023-06-05T14:57:37+00:00","dateModified":"2025-11-13T14:04:44+00:00","description":"Petite ville de demain : phase 2 | CCVG | Actualit\u00e9s de la Communaut\u00e9 de communes Val Guiers, Avant-Pays savoyard - 73330","breadcrumb":{"@id":"https:\/\/www.ccvalguiers.fr\/infos\/petite-ville-de-demain-phase-2\/#breadcrumb"},"inLanguage":"fr-FR","potentialAction":[{"@type":"ReadAction","target":["https:\/\/www.ccvalguiers.fr\/infos\/petite-ville-de-demain-phase-2\/"]}]},{"@type":"ImageObject","inLanguage":"fr-FR","@id":"https:\/\/www.ccvalguiers.fr\/infos\/petite-ville-de-demain-phase-2\/#primaryimage","url":"https:\/\/www.ccvalguiers.fr\/infos\/wp-content\/uploads\/2023\/06\/Actualites-Signature-convention-petite-ville-de-demain-phase-2.jpg","contentUrl":"https:\/\/www.ccvalguiers.fr\/infos\/wp-content\/uploads\/2023\/06\/Actualites-Signature-convention-petite-ville-de-demain-phase-2.jpg","width":900,"height":675,"caption":"Actualit\u00e9s-Signature convention petite ville de demain phase 2"},{"@type":"BreadcrumbList","@id":"https:\/\/www.ccvalguiers.fr\/infos\/petite-ville-de-demain-phase-2\/#breadcrumb","itemListElement":[{"@type":"ListItem","position":1,"name":"Accueil","item":"https:\/\/www.ccvalguiers.fr\/infos\/"},{"@type":"ListItem","position":2,"name":"Actualit\u00e9s","item":"https:\/\/www.ccvalguiers.fr\/infos\/category\/actualites\/"},{"@type":"ListItem","position":3,"name":"Petite ville de demain : phase 2"}]},{"@type":"WebSite","@id":"https:\/\/www.ccvalguiers.fr\/infos\/#website","url":"https:\/\/www.ccvalguiers.fr\/infos\/","name":"Communaut\u00e9 de Communes Val Guiers","description":"CCVG - Territoire de Val Guiers, de Pont-de-Beauvoisin \u00e0 Saint-Genix-les-Villages - 11 communes situ\u00e9es dans l&#039;Avant-Pays Savoyard","publisher":{"@id":"https:\/\/www.ccvalguiers.fr\/infos\/#organization"},"alternateName":"CCVG","potentialAction":[{"@type":"SearchAction","target":{"@type":"EntryPoint","urlTemplate":"https:\/\/www.ccvalguiers.fr\/infos\/?s={search_term_string}"},"query-input":{"@type":"PropertyValueSpecification","valueRequired":true,"valueName":"search_term_string"}}],"inLanguage":"fr-FR"},{"@type":"Organization","@id":"https:\/\/www.ccvalguiers.fr\/infos\/#organization","name":"Communaut\u00e9 de Communes Val Guiers","alternateName":"CCVG","url":"https:\/\/www.ccvalguiers.fr\/infos\/","logo":{"@type":"ImageObject","inLanguage":"fr-FR","@id":"https:\/\/www.ccvalguiers.fr\/infos\/#\/schema\/logo\/image\/","url":"https:\/\/www.ccvalguiers.fr\/infos\/wp-content\/uploads\/2022\/07\/CC-Val-Guiers-logo-transp.png","contentUrl":"https:\/\/www.ccvalguiers.fr\/infos\/wp-content\/uploads\/2022\/07\/CC-Val-Guiers-logo-transp.png","width":600,"height":602,"caption":"Communaut\u00e9 de Communes Val Guiers"},"image":{"@id":"https:\/\/www.ccvalguiers.fr\/infos\/#\/schema\/logo\/image\/"}},{"@type":"Person","@id":"https:\/\/www.ccvalguiers.fr\/infos\/#\/schema\/person\/66b6887f24d6796cfa4a4e863009f4da","name":"CCVG","image":{"@type":"ImageObject","inLanguage":"fr-FR","@id":"https:\/\/secure.gravatar.com\/avatar\/dc5d73baded898ee913c73539d946a61dc93931ee6b82a5f537a964c628a3a30?s=96&d=mm&r=g","url":"https:\/\/secure.gravatar.com\/avatar\/dc5d73baded898ee913c73539d946a61dc93931ee6b82a5f537a964c628a3a30?s=96&d=mm&r=g","contentUrl":"https:\/\/secure.gravatar.com\/avatar\/dc5d73baded898ee913c73539d946a61dc93931ee6b82a5f537a964c628a3a30?s=96&d=mm&r=g","caption":"CCVG"},"sameAs":["https:\/\/www.ccvalguiers.fr\/infos"]}]}},"publishpress_future_action":{"enabled":false,"date":"2026-05-07 05:08:27","action":"change-status","newStatus":"draft","terms":[],"taxonomy":"category","extraData":[]},"publishpress_future_workflow_manual_trigger":{"enabledWorkflows":[]},"_links":{"self":[{"href":"https:\/\/www.ccvalguiers.fr\/infos\/wp-json\/wp\/v2\/posts\/3748","targetHints":{"allow":["GET"]}}],"collection":[{"href":"https:\/\/www.ccvalguiers.fr\/infos\/wp-json\/wp\/v2\/posts"}],"about":[{"href":"https:\/\/www.ccvalguiers.fr\/infos\/wp-json\/wp\/v2\/types\/post"}],"author":[{"embeddable":true,"href":"https:\/\/www.ccvalguiers.fr\/infos\/wp-json\/wp\/v2\/users\/1"}],"replies":[{"embeddable":true,"href":"https:\/\/www.ccvalguiers.fr\/infos\/wp-json\/wp\/v2\/comments?post=3748"}],"version-history":[{"count":10,"href":"https:\/\/www.ccvalguiers.fr\/infos\/wp-json\/wp\/v2\/posts\/3748\/revisions"}],"predecessor-version":[{"id":4759,"href":"https:\/\/www.ccvalguiers.fr\/infos\/wp-json\/wp\/v2\/posts\/3748\/revisions\/4759"}],"wp:featuredmedia":[{"embeddable":true,"href":"https:\/\/www.ccvalguiers.fr\/infos\/wp-json\/wp\/v2\/media\/3755"}],"wp:attachment":[{"href":"https:\/\/www.ccvalguiers.fr\/infos\/wp-json\/wp\/v2\/media?parent=3748"}],"wp:term":[{"taxonomy":"category","embeddable":true,"href":"https:\/\/www.ccvalguiers.fr\/infos\/wp-json\/wp\/v2\/categories?post=3748"},{"taxonomy":"post_tag","embeddable":true,"href":"https:\/\/www.ccvalguiers.fr\/infos\/wp-json\/wp\/v2\/tags?post=3748"}],"curies":[{"name":"wp","href":"https:\/\/api.w.org\/{rel}","templated":true}]}}