{"id":4502,"date":"2024-02-16T16:10:00","date_gmt":"2024-02-16T15:10:00","guid":{"rendered":"https:\/\/www.ccvalguiers.fr\/infos\/?p=4502"},"modified":"2024-02-22T11:48:59","modified_gmt":"2024-02-22T10:48:59","slug":"seance-du-23-01-2024","status":"publish","type":"post","link":"https:\/\/www.ccvalguiers.fr\/infos\/seance-du-23-01-2024\/","title":{"rendered":"S\u00e9ance du 23\/01\/2024"},"content":{"rendered":"<p>[et_pb_section fb_built=\u00a0\u00bb1&Prime; _builder_version=\u00a0\u00bb4.17.6&Prime; _module_preset=\u00a0\u00bbdefault\u00a0\u00bb background_color=\u00a0\u00bbRGBA(255,255,255,0)\u00a0\u00bb custom_padding=\u00a0\u00bb20px||||false|false\u00a0\u00bb global_colors_info=\u00a0\u00bb{}\u00a0\u00bb theme_builder_area=\u00a0\u00bbpost_content\u00a0\u00bb][et_pb_row column_structure=\u00a0\u00bb1_2,1_2&Prime; use_custom_gutter=\u00a0\u00bbon\u00a0\u00bb make_equal=\u00a0\u00bbon\u00a0\u00bb _builder_version=\u00a0\u00bb4.17.6&Prime; _module_preset=\u00a0\u00bbdefault\u00a0\u00bb width=\u00a0\u00bb100%\u00a0\u00bb max_width=\u00a0\u00bb100%\u00a0\u00bb custom_padding=\u00a0\u00bb0px||0px||false|false\u00a0\u00bb global_colors_info=\u00a0\u00bb{}\u00a0\u00bb theme_builder_area=\u00a0\u00bbpost_content\u00a0\u00bb][et_pb_column type=\u00a0\u00bb1_2&Prime; _builder_version=\u00a0\u00bb4.17.6&Prime; _module_preset=\u00a0\u00bbdefault\u00a0\u00bb global_colors_info=\u00a0\u00bb{}\u00a0\u00bb theme_builder_area=\u00a0\u00bbpost_content\u00a0\u00bb][et_pb_image src=\u00a0\u00bbhttps:\/\/www.ccvalguiers.fr\/infos\/wp-content\/uploads\/2023\/03\/Seances-du-conseil-communautaire.jpg\u00a0\u00bb alt=\u00a0\u00bbCCVG &#8211; S\u00e9ances du conseil communautaire\u00a0\u00bb title_text=\u00a0\u00bbCCVG &#8211; S\u00e9ances du conseil communautaire\u00a0\u00bb _builder_version=\u00a0\u00bb4.17.6&Prime; _module_preset=\u00a0\u00bbdefault\u00a0\u00bb global_colors_info=\u00a0\u00bb{}\u00a0\u00bb theme_builder_area=\u00a0\u00bbpost_content\u00a0\u00bb][\/et_pb_image][\/et_pb_column][et_pb_column type=\u00a0\u00bb1_2&Prime; _builder_version=\u00a0\u00bb4.17.6&Prime; _module_preset=\u00a0\u00bbdefault\u00a0\u00bb global_colors_info=\u00a0\u00bb{}\u00a0\u00bb theme_builder_area=\u00a0\u00bbpost_content\u00a0\u00bb][et_pb_button url_new_window=\u00a0\u00bbon\u00a0\u00bb button_text=\u00a0\u00bbCONSEIL COMMUNAUTAIRE DU 23 JANVIER 2024&Prime; button_alignment=\u00a0\u00bbleft\u00a0\u00bb _builder_version=\u00a0\u00bb4.21.0&Prime; _module_preset=\u00a0\u00bbdefault\u00a0\u00bb custom_button=\u00a0\u00bbon\u00a0\u00bb button_text_size=\u00a0\u00bb16px\u00a0\u00bb button_text_color=\u00a0\u00bb#FFFFFF\u00a0\u00bb button_bg_color=\u00a0\u00bb#0C424A\u00a0\u00bb button_border_radius=\u00a0\u00bb0px\u00a0\u00bb button_font=\u00a0\u00bb|||on|||||\u00a0\u00bb button_icon=\u00a0\u00bb&#xf1c1;||fa||400&Prime; button_icon_color=\u00a0\u00bb#FFFFFF\u00a0\u00bb button_on_hover=\u00a0\u00bboff\u00a0\u00bb custom_margin=\u00a0\u00bb0px||10px||false|false\u00a0\u00bb custom_padding=\u00a0\u00bb10px|34px|10px|15px|false|false\u00a0\u00bb hover_enabled=\u00a0\u00bb0&Prime; global_colors_info=\u00a0\u00bb{}\u00a0\u00bb button_bg_color__hover_enabled=\u00a0\u00bbon|desktop\u00a0\u00bb button_bg_color__hover=\u00a0\u00bb#E51A2F\u00a0\u00bb button_bg_enable_color__hover=\u00a0\u00bbon\u00a0\u00bb theme_builder_area=\u00a0\u00bbpost_content\u00a0\u00bb button_url=\u00a0\u00bbhttps:\/\/www.ccvalguiers.fr\/infos\/wp-content\/uploads\/2024\/02\/PV-Conseil-Communautaire-du-23.01.24.pdf\u00a0\u00bb sticky_enabled=\u00a0\u00bb0&Prime;][\/et_pb_button][et_pb_button button_url=\u00a0\u00bbhttps:\/\/www.ccvalguiers.fr\/infos\/wp-content\/uploads\/2024\/02\/Liste-des-deliberations-CC-23-01-2024.pdf\u00a0\u00bb url_new_window=\u00a0\u00bbon\u00a0\u00bb button_text=\u00a0\u00bbDELIBERATIONS\u00a0\u00bb button_alignment=\u00a0\u00bbleft\u00a0\u00bb _builder_version=\u00a0\u00bb4.21.0&Prime; _module_preset=\u00a0\u00bbdefault\u00a0\u00bb custom_button=\u00a0\u00bbon\u00a0\u00bb button_text_size=\u00a0\u00bb16px\u00a0\u00bb button_text_color=\u00a0\u00bb#FFFFFF\u00a0\u00bb button_bg_color=\u00a0\u00bb#E51A2F\u00a0\u00bb button_border_radius=\u00a0\u00bb0px\u00a0\u00bb button_font=\u00a0\u00bb|||on|||||\u00a0\u00bb button_icon=\u00a0\u00bb&#xf1c1;||fa||400&Prime; button_icon_color=\u00a0\u00bb#FFFFFF\u00a0\u00bb button_on_hover=\u00a0\u00bboff\u00a0\u00bb custom_margin=\u00a0\u00bb0px||10px||false|false\u00a0\u00bb custom_padding=\u00a0\u00bb10px|34px|10px|15px|false|false\u00a0\u00bb global_colors_info=\u00a0\u00bb{}\u00a0\u00bb button_bg_color__hover_enabled=\u00a0\u00bbon|hover\u00a0\u00bb button_bg_color__hover=\u00a0\u00bb#0C424A\u00a0\u00bb button_bg_enable_color__hover=\u00a0\u00bbon\u00a0\u00bb theme_builder_area=\u00a0\u00bbpost_content\u00a0\u00bb][\/et_pb_button][et_pb_text content_tablet=\u00a0\u00bb<\/p>\n<p>Consultez les d\u00e9lib\u00e9rations en d\u00e9tail (PDF) :<\/p>\n<ul>\n<li><strong><a href=%22https:\/\/www.ccvalguiers.fr\/infos\/wp-content\/uploads\/2023\/05\/01.Delib-Convention-chapeau-PVDD-Val-Guiers.pdf%22 rel=%22attachment noopener wp-att-3686%22 data-et-target-link=%22_blank%22>01.Convention Petite Ville de Demain Val Guiers<\/a><\/strong><\/li>\n<li><strong><a href=%22https:\/\/www.ccvalguiers.fr\/infos\/wp-content\/uploads\/2023\/05\/02.Delib-convention-PVDD-Pont.pdf%22 rel=%22attachment noopener wp-att-3687%22 data-et-target-link=%22_blank%22>02.Convention Petite Ville de Demain Pont de Beauvoisin<\/a><\/strong><\/li>\n<li><strong><a href=%22https:\/\/www.ccvalguiers.fr\/infos\/wp-content\/uploads\/2023\/05\/03.Delib-convention-PVDD-St-Genix.pdf%22 rel=%22attachment noopener wp-att-3689%22 data-et-target-link=%22_blank%22>03.Convention Petite Ville de Demain St Genix les Villages<\/a><\/strong><\/li>\n<li><strong><a href=%22https:\/\/www.ccvalguiers.fr\/infos\/wp-content\/uploads\/2023\/05\/04.Droit-de-preemption-propriete-agricole.pdf%22 rel=%22attachment noopener wp-att-3692%22 data-et-target-link=%22_blank%22>04.Droit de pr\u00e9emption propri\u00e9t\u00e9 agricole<\/a><\/strong><\/li>\n<li><strong><a href=%22https:\/\/www.ccvalguiers.fr\/infos\/wp-content\/uploads\/2023\/05\/05.Subvention-Maison-des-Agriculteurs.pdf%22 rel=%22attachment noopener wp-att-3693%22 data-et-target-link=%22_blank%22>05.Subvention Maison des Agriculteurs<\/a><\/strong><\/li>\n<li><strong><a href=%22https:\/\/www.ccvalguiers.fr\/infos\/wp-content\/uploads\/2023\/05\/06.Adhesion-au-CAUE.pdf%22 rel=%22attachment noopener wp-att-3694%22 data-et-target-link=%22_blank%22>06.Adh\u00e9sion au CAUE<\/a><\/strong><\/li>\n<li><strong><a href=%22https:\/\/www.ccvalguiers.fr\/infos\/wp-content\/uploads\/2023\/05\/07.Delib-convention-ARE-Cdg73.pdf%22 rel=%22attachment noopener wp-att-3695%22 data-et-target-link=%22_blank%22>07.Convention d&rsquo;adh\u00e9sion au service de calcul des allocations de retour \u00e0 l&#8217;emploi du CDG73<\/a><\/strong><\/li>\n<li><strong><a href=%22https:\/\/www.ccvalguiers.fr\/infos\/wp-content\/uploads\/2023\/05\/08.Modification-tableau-des-emplois.pdf%22 rel=%22attachment noopener wp-att-3696%22 data-et-target-link=%22_blank%22>08.Modification du tableau des emplois<\/a><\/strong><\/li>\n<li><strong><a href=%22https:\/\/www.ccvalguiers.fr\/infos\/wp-content\/uploads\/2023\/05\/09.-ZAE-Contin-validation-conditions-vente-parcelle.pdf%22 rel=%22attachment noopener wp-att-3698%22 data-et-target-link=%22_blank%22>09. ZAE Contin -validation des conditions de vente d&rsquo;une parcelle<\/a><\/strong><\/li>\n<li><strong><a href=%22https:\/\/www.ccvalguiers.fr\/infos\/wp-content\/uploads\/2023\/05\/10.Vente-Cirillo-ZAE-La-Tuiliere.pdf%22 rel=%22attachment wp-att-3699%22>10.Annulation d&rsquo;une vente et cession d&rsquo;un lot en ZAE de la Tuili\u00e8re \u00e0 Champagneux<\/a><\/strong><\/li>\n<li><strong><a href=%22https:\/\/www.ccvalguiers.fr\/infos\/wp-content\/uploads\/2023\/05\/11.Regularisations-foncieres-ZAE-Domessin.pdf%22 rel=%22attachment noopener wp-att-3700%22 data-et-target-link=%22_blank%22>11.R\u00e9gularisations fonci\u00e8res dans les ZAE avec la commune de Domessin<\/a><\/strong><\/li>\n<li><strong><a href=%22https:\/\/www.ccvalguiers.fr\/infos\/wp-content\/uploads\/2023\/05\/12.Regularisations-foncieres-ZAE-La-Bridoire.pdf%22 rel=%22attachment noopener wp-att-3701%22 data-et-target-link=%22_blank%22>12.R\u00e9gularisations fonci\u00e8res dans les ZAE avec la commune de La Bridoire<\/a><\/strong><\/li>\n<li><strong><a href=%22https:\/\/www.ccvalguiers.fr\/infos\/wp-content\/uploads\/2023\/05\/13.Delib-avenant-CAF-LAEP.pdf%22 rel=%22attachment noopener wp-att-3702%22 data-et-target-link=%22_blank%22>13.Avenant CAF Lieu d&rsquo;Accueil Enfants Parents<\/a><\/strong><\/li>\n<li><strong><a href=%22https:\/\/www.ccvalguiers.fr\/infos\/wp-content\/uploads\/2023\/05\/14.Tarifs-enfance-jeunesse-2023-2024-1.pdf%22 rel=%22attachment noopener wp-att-3705%22 data-et-target-link=%22_blank%22>14.Mise \u00e0 jour des tarifs enfance jeunesse 2023 2024<\/a><\/strong><\/li>\n<li><strong><a href=%22https:\/\/www.ccvalguiers.fr\/infos\/wp-content\/uploads\/2023\/05\/15.Nouvelles-places-creche-Domessin.pdf%22 rel=%22attachment noopener wp-att-3706%22 data-et-target-link=%22_blank%22>15.Choix d&rsquo;implantation de nouvelles places de cr\u00e8che<\/a><\/strong><\/li>\n<\/ul>\n<p>\u00a0\u00bb content_phone=\u00a0\u00bb<\/p>\n<p>Consultez les d\u00e9lib\u00e9rations en d\u00e9tail (PDF) :<\/p>\n<ul>\n<li><strong><a href=%22https:\/\/www.ccvalguiers.fr\/infos\/wp-content\/uploads\/2023\/05\/01.Delib-Convention-chapeau-PVDD-Val-Guiers.pdf%22 rel=%22attachment noopener wp-att-3686%22 data-et-target-link=%22_blank%22>01.Convention Petite Ville de Demain Val Guiers<\/a><\/strong><\/li>\n<li><strong><a href=%22https:\/\/www.ccvalguiers.fr\/infos\/wp-content\/uploads\/2023\/05\/02.Delib-convention-PVDD-Pont.pdf%22 rel=%22attachment noopener wp-att-3687%22 data-et-target-link=%22_blank%22>02.Convention Petite Ville de Demain Pont de Beauvoisin<\/a><\/strong><\/li>\n<li><strong><a href=%22https:\/\/www.ccvalguiers.fr\/infos\/wp-content\/uploads\/2023\/05\/03.Delib-convention-PVDD-St-Genix.pdf%22 rel=%22attachment noopener wp-att-3689%22 data-et-target-link=%22_blank%22>03.Convention Petite Ville de Demain St Genix les Villages<\/a><\/strong><\/li>\n<li><strong><a href=%22https:\/\/www.ccvalguiers.fr\/infos\/wp-content\/uploads\/2023\/05\/04.Droit-de-preemption-propriete-agricole.pdf%22 rel=%22attachment noopener wp-att-3692%22 data-et-target-link=%22_blank%22>04.Droit de pr\u00e9emption propri\u00e9t\u00e9 agricole<\/a><\/strong><\/li>\n<li><strong><a href=%22https:\/\/www.ccvalguiers.fr\/infos\/wp-content\/uploads\/2023\/05\/05.Subvention-Maison-des-Agriculteurs.pdf%22 rel=%22attachment noopener wp-att-3693%22 data-et-target-link=%22_blank%22>05.Subvention Maison des Agriculteurs<\/a><\/strong><\/li>\n<li><strong><a href=%22https:\/\/www.ccvalguiers.fr\/infos\/wp-content\/uploads\/2023\/05\/06.Adhesion-au-CAUE.pdf%22 rel=%22attachment noopener wp-att-3694%22 data-et-target-link=%22_blank%22>06.Adh\u00e9sion au CAUE<\/a><\/strong><\/li>\n<li><strong><a href=%22https:\/\/www.ccvalguiers.fr\/infos\/wp-content\/uploads\/2023\/05\/07.Delib-convention-ARE-Cdg73.pdf%22 rel=%22attachment noopener wp-att-3695%22 data-et-target-link=%22_blank%22>07.Convention d&rsquo;adh\u00e9sion au service de calcul des allocations de retour \u00e0 l&#8217;emploi du CDG73<\/a><\/strong><\/li>\n<li><strong><a href=%22https:\/\/www.ccvalguiers.fr\/infos\/wp-content\/uploads\/2023\/05\/08.Modification-tableau-des-emplois.pdf%22 rel=%22attachment noopener wp-att-3696%22 data-et-target-link=%22_blank%22>08.Modification du tableau des emplois<\/a><\/strong><\/li>\n<li><strong><a href=%22https:\/\/www.ccvalguiers.fr\/infos\/wp-content\/uploads\/2023\/05\/09.-ZAE-Contin-validation-conditions-vente-parcelle.pdf%22 rel=%22attachment noopener wp-att-3698%22 data-et-target-link=%22_blank%22>09. ZAE Contin -validation des conditions de vente d&rsquo;une parcelle<\/a><\/strong><\/li>\n<li><strong><a href=%22https:\/\/www.ccvalguiers.fr\/infos\/wp-content\/uploads\/2023\/05\/10.Vente-Cirillo-ZAE-La-Tuiliere.pdf%22 rel=%22attachment wp-att-3699%22>10.Annulation d&rsquo;une vente et cession d&rsquo;un lot en ZAE de la Tuili\u00e8re \u00e0 Champagneux<\/a><\/strong><\/li>\n<li><strong><a href=%22https:\/\/www.ccvalguiers.fr\/infos\/wp-content\/uploads\/2023\/05\/11.Regularisations-foncieres-ZAE-Domessin.pdf%22 rel=%22attachment noopener wp-att-3700%22 data-et-target-link=%22_blank%22>11.R\u00e9gularisations fonci\u00e8res dans les ZAE avec la commune de Domessin<\/a><\/strong><\/li>\n<li><strong><a href=%22https:\/\/www.ccvalguiers.fr\/infos\/wp-content\/uploads\/2023\/05\/12.Regularisations-foncieres-ZAE-La-Bridoire.pdf%22 rel=%22attachment noopener wp-att-3701%22 data-et-target-link=%22_blank%22>12.R\u00e9gularisations fonci\u00e8res dans les ZAE avec la commune de La Bridoire<\/a><\/strong><\/li>\n<li><strong><a href=%22https:\/\/www.ccvalguiers.fr\/infos\/wp-content\/uploads\/2023\/05\/13.Delib-avenant-CAF-LAEP.pdf%22 rel=%22attachment noopener wp-att-3702%22 data-et-target-link=%22_blank%22>13.Avenant CAF Lieu d&rsquo;Accueil Enfants Parents<\/a><\/strong><\/li>\n<li><strong><a href=%22https:\/\/www.ccvalguiers.fr\/infos\/wp-content\/uploads\/2023\/05\/14.Tarifs-enfance-jeunesse-2023-2024-1.pdf%22 rel=%22attachment noopener wp-att-3705%22 data-et-target-link=%22_blank%22>14.Mise \u00e0 jour des tarifs enfance jeunesse 2023 2024<\/a><\/strong><\/li>\n<li><strong><a href=%22https:\/\/www.ccvalguiers.fr\/infos\/wp-content\/uploads\/2023\/05\/15.Nouvelles-places-creche-Domessin.pdf%22 rel=%22attachment noopener wp-att-3706%22 data-et-target-link=%22_blank%22>15.Choix d&rsquo;implantation de nouvelles places de cr\u00e8che<\/a><\/strong><\/li>\n<\/ul>\n<p>\u00a0\u00bb content_last_edited=\u00a0\u00bbon|desktop\u00a0\u00bb _builder_version=\u00a0\u00bb4.21.0&Prime; _module_preset=\u00a0\u00bbdefault\u00a0\u00bb link_text_color=\u00a0\u00bb#0C424A\u00a0\u00bb ul_line_height=\u00a0\u00bb2em\u00a0\u00bb custom_margin=\u00a0\u00bb0px||0px||false|false\u00a0\u00bb custom_padding=\u00a0\u00bb10px||10px||false|false\u00a0\u00bb hover_enabled=\u00a0\u00bb0&Prime; global_colors_info=\u00a0\u00bb{}\u00a0\u00bb link_text_color__hover_enabled=\u00a0\u00bbon|desktop\u00a0\u00bb link_text_color__hover=\u00a0\u00bb#67BFBF\u00a0\u00bb theme_builder_area=\u00a0\u00bbpost_content\u00a0\u00bb sticky_enabled=\u00a0\u00bb0&Prime;]<\/p>\n<p>Consultez les d\u00e9lib\u00e9rations en d\u00e9tail (PDF) :<\/p>\n<p><strong><a href=\"https:\/\/www.ccvalguiers.fr\/infos\/01-participation-financiere-pvd-pont\/\" rel=\"attachment noopener wp-att-4505\" target=\"_blank\">01.Participation financi\u00e8re PVD Pont<\/a><\/strong><\/p>\n<p><strong><a href=\"https:\/\/www.ccvalguiers.fr\/infos\/02-droit-de-retour-terrain-sci-belmont\/\" rel=\"attachment noopener wp-att-4506\" target=\"_blank\">02.Droit de retour terrain SCI Belmont<\/a><\/strong><\/p>\n<p><strong><a href=\"https:\/\/www.ccvalguiers.fr\/infos\/03-designation-representants-cot\/\" rel=\"attachment noopener wp-att-4507\" target=\"_blank\">03.D\u00e9signation repr\u00e9sentants COT<\/a><\/strong><\/p>\n<p><strong><a href=\"https:\/\/www.ccvalguiers.fr\/infos\/04-adhesion-federation-ot\/\" rel=\"attachment noopener wp-att-4508\" target=\"_blank\">04.Adh\u00e9sion F\u00e9d\u00e9ration OT<\/a><\/strong><\/p>\n<p><strong><a href=\"https:\/\/www.ccvalguiers.fr\/infos\/05-tarifs-dadhesion-ot-val-guiers\/\" rel=\"attachment noopener wp-att-4509\" target=\"_blank\">05.Tarifs d&rsquo;adh\u00e9sion OT Val Guiers<\/a><\/strong><\/p>\n<p><strong><a href=\"https:\/\/www.ccvalguiers.fr\/infos\/06-autorisation-installation-panneau-cnr\/\" rel=\"attachment noopener wp-att-4511\" target=\"_blank\">06.Autorisation installation panneau CNR<\/a><\/strong><\/p>\n<p><strong><a href=\"https:\/\/www.ccvalguiers.fr\/infos\/07-prise-en-charge-frais-deplacement\/\" rel=\"attachment noopener wp-att-4512\" target=\"_blank\">07.Prise en charge frais d\u00e9placement<\/a><\/strong><\/p>\n<p><strong><a href=\"https:\/\/www.ccvalguiers.fr\/infos\/08-regularisation-fonciere-la-baronnie\/\" rel=\"attachment noopener wp-att-4513\" target=\"_blank\">08.R\u00e9gularisation fonci\u00e8re La Baronnie<\/a><\/strong><\/p>\n<p><strong><a href=\"https:\/\/www.ccvalguiers.fr\/infos\/09-choix-nb-places-future-creche-domessin\/\" rel=\"attachment noopener wp-att-4514\" target=\"_blank\">09.Choix nb places future cr\u00e8che Domessin<\/a><\/strong><\/p>\n<p><strong><a href=\"https:\/\/www.ccvalguiers.fr\/infos\/10-demande-subvention-leader-salamandres\/\" rel=\"attachment noopener wp-att-4515\" target=\"_blank\">10.Demande subvention LEADER Salamandres<\/a><\/strong><\/p>\n<p><strong><a href=\"https:\/\/www.ccvalguiers.fr\/infos\/11-mise-a-jour-tarifs-jeunesse\/\" rel=\"attachment noopener wp-att-4516\" target=\"_blank\">11.Mise \u00e0 jour tarifs jeunesse<\/a><\/strong><\/p>\n<p><strong><a href=\"https:\/\/www.ccvalguiers.fr\/infos\/12-delegation-signature-pret-de-jeux\/\" rel=\"attachment noopener wp-att-4517\" target=\"_blank\">12.D\u00e9l\u00e9gation signature pr\u00eat de jeux<\/a><\/strong><\/p>\n<p><strong><a href=\"https:\/\/www.ccvalguiers.fr\/infos\/13-delegation-signature-pret-de-livres\/\" rel=\"attachment noopener wp-att-4518\" target=\"_blank\">13.D\u00e9l\u00e9gation signature pr\u00eat de livres<\/a><\/strong><\/p>\n<p><strong><a href=\"https:\/\/www.ccvalguiers.fr\/infos\/14-attribution-marche-amenagement-zae-contin\/\" rel=\"attachment noopener wp-att-4519\" target=\"_blank\">14.Attribution march\u00e9 am\u00e9nagement ZAE Contin<\/a><\/strong><\/p>\n<p><strong><a href=\"https:\/\/www.ccvalguiers.fr\/infos\/15-delib-eclairage-zae-la-girondiere\/\" rel=\"attachment noopener wp-att-4520\" target=\"_blank\">15.D\u00e9lib\u00e9ration \u00e9clairage ZAE La Girondi\u00e8re<\/a><\/strong><\/p>\n<p>[\/et_pb_text][\/et_pb_column][\/et_pb_row][\/et_pb_section]<\/p>\n","protected":false},"excerpt":{"rendered":"<p>Consultez les d\u00e9lib\u00e9rations en d\u00e9tail (PDF) : 01.Participation financi\u00e8re PVD Pont 02.Droit de retour terrain SCI Belmont 03.D\u00e9signation repr\u00e9sentants COT 04.Adh\u00e9sion F\u00e9d\u00e9ration OT 05.Tarifs d&rsquo;adh\u00e9sion OT Val Guiers 06.Autorisation installation panneau CNR 07.Prise en charge frais d\u00e9placement 08.R\u00e9gularisation fonci\u00e8re La Baronnie 09.Choix nb places future cr\u00e8che Domessin 10.Demande subvention LEADER Salamandres 11.Mise \u00e0 jour tarifs [&hellip;]<\/p>\n","protected":false},"author":3,"featured_media":3035,"comment_status":"closed","ping_status":"closed","sticky":false,"template":"","format":"standard","meta":{"_et_pb_use_builder":"on","_et_pb_old_content":"","_et_gb_content_width":"","footnotes":""},"categories":[87],"tags":[],"class_list":["post-4502","post","type-post","status-publish","format-standard","has-post-thumbnail","hentry","category-pv-et-deliberations-du-conseil-communautaire"],"yoast_head":"<!-- This site is optimized with the Yoast SEO plugin v27.5 - https:\/\/yoast.com\/product\/yoast-seo-wordpress\/ -->\n<title>S\u00e9ance du 23\/01\/2024<\/title>\n<meta name=\"description\" content=\"S\u00e9ance du 23\/01\/2024 | Communaut\u00e9 de Communes Val Guiers | Savoie | Comptes rendus, PV, d\u00e9lib\u00e9rations du Conseil communautaire\" \/>\n<meta name=\"robots\" content=\"index, follow, max-snippet:-1, max-image-preview:large, max-video-preview:-1\" \/>\n<link rel=\"canonical\" href=\"https:\/\/www.ccvalguiers.fr\/infos\/seance-du-23-01-2024\/\" \/>\n<meta property=\"og:locale\" content=\"fr_FR\" \/>\n<meta property=\"og:type\" content=\"article\" \/>\n<meta property=\"og:title\" content=\"S\u00e9ance du 23\/01\/2024\" \/>\n<meta property=\"og:description\" content=\"S\u00e9ance du 23\/01\/2024 | Communaut\u00e9 de Communes Val Guiers | Savoie | Comptes rendus, PV, d\u00e9lib\u00e9rations du Conseil communautaire\" \/>\n<meta property=\"og:url\" content=\"https:\/\/www.ccvalguiers.fr\/infos\/seance-du-23-01-2024\/\" \/>\n<meta property=\"og:site_name\" content=\"Communaut\u00e9 de Communes Val Guiers\" \/>\n<meta property=\"article:published_time\" content=\"2024-02-16T15:10:00+00:00\" \/>\n<meta property=\"article:modified_time\" content=\"2024-02-22T10:48:59+00:00\" \/>\n<meta property=\"og:image\" content=\"https:\/\/www.ccvalguiers.fr\/infos\/wp-content\/uploads\/2023\/03\/Seances-du-conseil-communautaire.jpg\" \/>\n\t<meta property=\"og:image:width\" content=\"850\" \/>\n\t<meta property=\"og:image:height\" content=\"567\" \/>\n\t<meta property=\"og:image:type\" content=\"image\/jpeg\" \/>\n<meta name=\"author\" content=\"AdmCCVG-73330\" \/>\n<meta name=\"twitter:card\" content=\"summary_large_image\" \/>\n<meta name=\"twitter:label1\" content=\"\u00c9crit par\" \/>\n\t<meta name=\"twitter:data1\" content=\"AdmCCVG-73330\" \/>\n\t<meta name=\"twitter:label2\" content=\"Dur\u00e9e de lecture estim\u00e9e\" \/>\n\t<meta name=\"twitter:data2\" content=\"2 minutes\" \/>\n<script type=\"application\/ld+json\" class=\"yoast-schema-graph\">{\"@context\":\"https:\\\/\\\/schema.org\",\"@graph\":[{\"@type\":\"Article\",\"@id\":\"https:\\\/\\\/www.ccvalguiers.fr\\\/infos\\\/seance-du-23-01-2024\\\/#article\",\"isPartOf\":{\"@id\":\"https:\\\/\\\/www.ccvalguiers.fr\\\/infos\\\/seance-du-23-01-2024\\\/\"},\"author\":{\"name\":\"AdmCCVG-73330\",\"@id\":\"https:\\\/\\\/www.ccvalguiers.fr\\\/infos\\\/#\\\/schema\\\/person\\\/33156ecce95b2672dc0b9614b6c7d2b6\"},\"headline\":\"S\u00e9ance du 23\\\/01\\\/2024\",\"datePublished\":\"2024-02-16T15:10:00+00:00\",\"dateModified\":\"2024-02-22T10:48:59+00:00\",\"mainEntityOfPage\":{\"@id\":\"https:\\\/\\\/www.ccvalguiers.fr\\\/infos\\\/seance-du-23-01-2024\\\/\"},\"wordCount\":832,\"publisher\":{\"@id\":\"https:\\\/\\\/www.ccvalguiers.fr\\\/infos\\\/#organization\"},\"image\":{\"@id\":\"https:\\\/\\\/www.ccvalguiers.fr\\\/infos\\\/seance-du-23-01-2024\\\/#primaryimage\"},\"thumbnailUrl\":\"https:\\\/\\\/www.ccvalguiers.fr\\\/infos\\\/wp-content\\\/uploads\\\/2023\\\/03\\\/Seances-du-conseil-communautaire.jpg\",\"articleSection\":[\"PV et d\u00e9lib\u00e9rations du Conseil communautaire\"],\"inLanguage\":\"fr-FR\"},{\"@type\":\"WebPage\",\"@id\":\"https:\\\/\\\/www.ccvalguiers.fr\\\/infos\\\/seance-du-23-01-2024\\\/\",\"url\":\"https:\\\/\\\/www.ccvalguiers.fr\\\/infos\\\/seance-du-23-01-2024\\\/\",\"name\":\"S\u00e9ance du 23\\\/01\\\/2024\",\"isPartOf\":{\"@id\":\"https:\\\/\\\/www.ccvalguiers.fr\\\/infos\\\/#website\"},\"primaryImageOfPage\":{\"@id\":\"https:\\\/\\\/www.ccvalguiers.fr\\\/infos\\\/seance-du-23-01-2024\\\/#primaryimage\"},\"image\":{\"@id\":\"https:\\\/\\\/www.ccvalguiers.fr\\\/infos\\\/seance-du-23-01-2024\\\/#primaryimage\"},\"thumbnailUrl\":\"https:\\\/\\\/www.ccvalguiers.fr\\\/infos\\\/wp-content\\\/uploads\\\/2023\\\/03\\\/Seances-du-conseil-communautaire.jpg\",\"datePublished\":\"2024-02-16T15:10:00+00:00\",\"dateModified\":\"2024-02-22T10:48:59+00:00\",\"description\":\"S\u00e9ance du 23\\\/01\\\/2024 | Communaut\u00e9 de Communes Val Guiers | Savoie | Comptes rendus, PV, d\u00e9lib\u00e9rations du Conseil communautaire\",\"breadcrumb\":{\"@id\":\"https:\\\/\\\/www.ccvalguiers.fr\\\/infos\\\/seance-du-23-01-2024\\\/#breadcrumb\"},\"inLanguage\":\"fr-FR\",\"potentialAction\":[{\"@type\":\"ReadAction\",\"target\":[\"https:\\\/\\\/www.ccvalguiers.fr\\\/infos\\\/seance-du-23-01-2024\\\/\"]}]},{\"@type\":\"ImageObject\",\"inLanguage\":\"fr-FR\",\"@id\":\"https:\\\/\\\/www.ccvalguiers.fr\\\/infos\\\/seance-du-23-01-2024\\\/#primaryimage\",\"url\":\"https:\\\/\\\/www.ccvalguiers.fr\\\/infos\\\/wp-content\\\/uploads\\\/2023\\\/03\\\/Seances-du-conseil-communautaire.jpg\",\"contentUrl\":\"https:\\\/\\\/www.ccvalguiers.fr\\\/infos\\\/wp-content\\\/uploads\\\/2023\\\/03\\\/Seances-du-conseil-communautaire.jpg\",\"width\":850,\"height\":567,\"caption\":\"CCVG - S\u00e9ances du conseil communautaire\"},{\"@type\":\"BreadcrumbList\",\"@id\":\"https:\\\/\\\/www.ccvalguiers.fr\\\/infos\\\/seance-du-23-01-2024\\\/#breadcrumb\",\"itemListElement\":[{\"@type\":\"ListItem\",\"position\":1,\"name\":\"Accueil\",\"item\":\"https:\\\/\\\/www.ccvalguiers.fr\\\/infos\\\/\"},{\"@type\":\"ListItem\",\"position\":2,\"name\":\"PV et d\u00e9lib\u00e9rations du Conseil communautaire\",\"item\":\"https:\\\/\\\/www.ccvalguiers.fr\\\/infos\\\/category\\\/pv-et-deliberations-du-conseil-communautaire\\\/\"},{\"@type\":\"ListItem\",\"position\":3,\"name\":\"S\u00e9ance du 23\\\/01\\\/2024\"}]},{\"@type\":\"WebSite\",\"@id\":\"https:\\\/\\\/www.ccvalguiers.fr\\\/infos\\\/#website\",\"url\":\"https:\\\/\\\/www.ccvalguiers.fr\\\/infos\\\/\",\"name\":\"Communaut\u00e9 de Communes Val Guiers\",\"description\":\"CCVG - Territoire de Val Guiers, de Pont-de-Beauvoisin \u00e0 Saint-Genix-les-Villages - 11 communes situ\u00e9es dans l&#039;Avant-Pays Savoyard\",\"publisher\":{\"@id\":\"https:\\\/\\\/www.ccvalguiers.fr\\\/infos\\\/#organization\"},\"alternateName\":\"CCVG\",\"potentialAction\":[{\"@type\":\"SearchAction\",\"target\":{\"@type\":\"EntryPoint\",\"urlTemplate\":\"https:\\\/\\\/www.ccvalguiers.fr\\\/infos\\\/?s={search_term_string}\"},\"query-input\":{\"@type\":\"PropertyValueSpecification\",\"valueRequired\":true,\"valueName\":\"search_term_string\"}}],\"inLanguage\":\"fr-FR\"},{\"@type\":\"Organization\",\"@id\":\"https:\\\/\\\/www.ccvalguiers.fr\\\/infos\\\/#organization\",\"name\":\"Communaut\u00e9 de Communes Val Guiers\",\"alternateName\":\"CCVG\",\"url\":\"https:\\\/\\\/www.ccvalguiers.fr\\\/infos\\\/\",\"logo\":{\"@type\":\"ImageObject\",\"inLanguage\":\"fr-FR\",\"@id\":\"https:\\\/\\\/www.ccvalguiers.fr\\\/infos\\\/#\\\/schema\\\/logo\\\/image\\\/\",\"url\":\"https:\\\/\\\/www.ccvalguiers.fr\\\/infos\\\/wp-content\\\/uploads\\\/2022\\\/07\\\/CC-Val-Guiers-logo-transp.png\",\"contentUrl\":\"https:\\\/\\\/www.ccvalguiers.fr\\\/infos\\\/wp-content\\\/uploads\\\/2022\\\/07\\\/CC-Val-Guiers-logo-transp.png\",\"width\":600,\"height\":602,\"caption\":\"Communaut\u00e9 de Communes Val Guiers\"},\"image\":{\"@id\":\"https:\\\/\\\/www.ccvalguiers.fr\\\/infos\\\/#\\\/schema\\\/logo\\\/image\\\/\"}},{\"@type\":\"Person\",\"@id\":\"https:\\\/\\\/www.ccvalguiers.fr\\\/infos\\\/#\\\/schema\\\/person\\\/33156ecce95b2672dc0b9614b6c7d2b6\",\"name\":\"AdmCCVG-73330\",\"image\":{\"@type\":\"ImageObject\",\"inLanguage\":\"fr-FR\",\"@id\":\"https:\\\/\\\/secure.gravatar.com\\\/avatar\\\/558828748d4f778a3afa84efca2c9421eda3d167da65863c7603b968b182e1af?s=96&d=mm&r=g\",\"url\":\"https:\\\/\\\/secure.gravatar.com\\\/avatar\\\/558828748d4f778a3afa84efca2c9421eda3d167da65863c7603b968b182e1af?s=96&d=mm&r=g\",\"contentUrl\":\"https:\\\/\\\/secure.gravatar.com\\\/avatar\\\/558828748d4f778a3afa84efca2c9421eda3d167da65863c7603b968b182e1af?s=96&d=mm&r=g\",\"caption\":\"AdmCCVG-73330\"}}]}<\/script>\n<!-- \/ Yoast SEO plugin. -->","yoast_head_json":{"title":"S\u00e9ance du 23\/01\/2024","description":"S\u00e9ance du 23\/01\/2024 | Communaut\u00e9 de Communes Val Guiers | Savoie | Comptes rendus, PV, d\u00e9lib\u00e9rations du Conseil communautaire","robots":{"index":"index","follow":"follow","max-snippet":"max-snippet:-1","max-image-preview":"max-image-preview:large","max-video-preview":"max-video-preview:-1"},"canonical":"https:\/\/www.ccvalguiers.fr\/infos\/seance-du-23-01-2024\/","og_locale":"fr_FR","og_type":"article","og_title":"S\u00e9ance du 23\/01\/2024","og_description":"S\u00e9ance du 23\/01\/2024 | Communaut\u00e9 de Communes Val Guiers | Savoie | Comptes rendus, PV, d\u00e9lib\u00e9rations du Conseil communautaire","og_url":"https:\/\/www.ccvalguiers.fr\/infos\/seance-du-23-01-2024\/","og_site_name":"Communaut\u00e9 de Communes Val Guiers","article_published_time":"2024-02-16T15:10:00+00:00","article_modified_time":"2024-02-22T10:48:59+00:00","og_image":[{"width":850,"height":567,"url":"https:\/\/www.ccvalguiers.fr\/infos\/wp-content\/uploads\/2023\/03\/Seances-du-conseil-communautaire.jpg","type":"image\/jpeg"}],"author":"AdmCCVG-73330","twitter_card":"summary_large_image","twitter_misc":{"\u00c9crit par":"AdmCCVG-73330","Dur\u00e9e de lecture estim\u00e9e":"2 minutes"},"schema":{"@context":"https:\/\/schema.org","@graph":[{"@type":"Article","@id":"https:\/\/www.ccvalguiers.fr\/infos\/seance-du-23-01-2024\/#article","isPartOf":{"@id":"https:\/\/www.ccvalguiers.fr\/infos\/seance-du-23-01-2024\/"},"author":{"name":"AdmCCVG-73330","@id":"https:\/\/www.ccvalguiers.fr\/infos\/#\/schema\/person\/33156ecce95b2672dc0b9614b6c7d2b6"},"headline":"S\u00e9ance du 23\/01\/2024","datePublished":"2024-02-16T15:10:00+00:00","dateModified":"2024-02-22T10:48:59+00:00","mainEntityOfPage":{"@id":"https:\/\/www.ccvalguiers.fr\/infos\/seance-du-23-01-2024\/"},"wordCount":832,"publisher":{"@id":"https:\/\/www.ccvalguiers.fr\/infos\/#organization"},"image":{"@id":"https:\/\/www.ccvalguiers.fr\/infos\/seance-du-23-01-2024\/#primaryimage"},"thumbnailUrl":"https:\/\/www.ccvalguiers.fr\/infos\/wp-content\/uploads\/2023\/03\/Seances-du-conseil-communautaire.jpg","articleSection":["PV et d\u00e9lib\u00e9rations du Conseil communautaire"],"inLanguage":"fr-FR"},{"@type":"WebPage","@id":"https:\/\/www.ccvalguiers.fr\/infos\/seance-du-23-01-2024\/","url":"https:\/\/www.ccvalguiers.fr\/infos\/seance-du-23-01-2024\/","name":"S\u00e9ance du 23\/01\/2024","isPartOf":{"@id":"https:\/\/www.ccvalguiers.fr\/infos\/#website"},"primaryImageOfPage":{"@id":"https:\/\/www.ccvalguiers.fr\/infos\/seance-du-23-01-2024\/#primaryimage"},"image":{"@id":"https:\/\/www.ccvalguiers.fr\/infos\/seance-du-23-01-2024\/#primaryimage"},"thumbnailUrl":"https:\/\/www.ccvalguiers.fr\/infos\/wp-content\/uploads\/2023\/03\/Seances-du-conseil-communautaire.jpg","datePublished":"2024-02-16T15:10:00+00:00","dateModified":"2024-02-22T10:48:59+00:00","description":"S\u00e9ance du 23\/01\/2024 | Communaut\u00e9 de Communes Val Guiers | Savoie | Comptes rendus, PV, d\u00e9lib\u00e9rations du Conseil communautaire","breadcrumb":{"@id":"https:\/\/www.ccvalguiers.fr\/infos\/seance-du-23-01-2024\/#breadcrumb"},"inLanguage":"fr-FR","potentialAction":[{"@type":"ReadAction","target":["https:\/\/www.ccvalguiers.fr\/infos\/seance-du-23-01-2024\/"]}]},{"@type":"ImageObject","inLanguage":"fr-FR","@id":"https:\/\/www.ccvalguiers.fr\/infos\/seance-du-23-01-2024\/#primaryimage","url":"https:\/\/www.ccvalguiers.fr\/infos\/wp-content\/uploads\/2023\/03\/Seances-du-conseil-communautaire.jpg","contentUrl":"https:\/\/www.ccvalguiers.fr\/infos\/wp-content\/uploads\/2023\/03\/Seances-du-conseil-communautaire.jpg","width":850,"height":567,"caption":"CCVG - S\u00e9ances du conseil communautaire"},{"@type":"BreadcrumbList","@id":"https:\/\/www.ccvalguiers.fr\/infos\/seance-du-23-01-2024\/#breadcrumb","itemListElement":[{"@type":"ListItem","position":1,"name":"Accueil","item":"https:\/\/www.ccvalguiers.fr\/infos\/"},{"@type":"ListItem","position":2,"name":"PV et d\u00e9lib\u00e9rations du Conseil communautaire","item":"https:\/\/www.ccvalguiers.fr\/infos\/category\/pv-et-deliberations-du-conseil-communautaire\/"},{"@type":"ListItem","position":3,"name":"S\u00e9ance du 23\/01\/2024"}]},{"@type":"WebSite","@id":"https:\/\/www.ccvalguiers.fr\/infos\/#website","url":"https:\/\/www.ccvalguiers.fr\/infos\/","name":"Communaut\u00e9 de Communes Val Guiers","description":"CCVG - Territoire de Val Guiers, de Pont-de-Beauvoisin \u00e0 Saint-Genix-les-Villages - 11 communes situ\u00e9es dans l&#039;Avant-Pays Savoyard","publisher":{"@id":"https:\/\/www.ccvalguiers.fr\/infos\/#organization"},"alternateName":"CCVG","potentialAction":[{"@type":"SearchAction","target":{"@type":"EntryPoint","urlTemplate":"https:\/\/www.ccvalguiers.fr\/infos\/?s={search_term_string}"},"query-input":{"@type":"PropertyValueSpecification","valueRequired":true,"valueName":"search_term_string"}}],"inLanguage":"fr-FR"},{"@type":"Organization","@id":"https:\/\/www.ccvalguiers.fr\/infos\/#organization","name":"Communaut\u00e9 de Communes Val Guiers","alternateName":"CCVG","url":"https:\/\/www.ccvalguiers.fr\/infos\/","logo":{"@type":"ImageObject","inLanguage":"fr-FR","@id":"https:\/\/www.ccvalguiers.fr\/infos\/#\/schema\/logo\/image\/","url":"https:\/\/www.ccvalguiers.fr\/infos\/wp-content\/uploads\/2022\/07\/CC-Val-Guiers-logo-transp.png","contentUrl":"https:\/\/www.ccvalguiers.fr\/infos\/wp-content\/uploads\/2022\/07\/CC-Val-Guiers-logo-transp.png","width":600,"height":602,"caption":"Communaut\u00e9 de Communes Val Guiers"},"image":{"@id":"https:\/\/www.ccvalguiers.fr\/infos\/#\/schema\/logo\/image\/"}},{"@type":"Person","@id":"https:\/\/www.ccvalguiers.fr\/infos\/#\/schema\/person\/33156ecce95b2672dc0b9614b6c7d2b6","name":"AdmCCVG-73330","image":{"@type":"ImageObject","inLanguage":"fr-FR","@id":"https:\/\/secure.gravatar.com\/avatar\/558828748d4f778a3afa84efca2c9421eda3d167da65863c7603b968b182e1af?s=96&d=mm&r=g","url":"https:\/\/secure.gravatar.com\/avatar\/558828748d4f778a3afa84efca2c9421eda3d167da65863c7603b968b182e1af?s=96&d=mm&r=g","contentUrl":"https:\/\/secure.gravatar.com\/avatar\/558828748d4f778a3afa84efca2c9421eda3d167da65863c7603b968b182e1af?s=96&d=mm&r=g","caption":"AdmCCVG-73330"}}]}},"publishpress_future_action":{"enabled":false,"date":"2026-05-09 12:04:31","action":"change-status","newStatus":"draft","terms":[],"taxonomy":"category","extraData":[]},"publishpress_future_workflow_manual_trigger":{"enabledWorkflows":[]},"_links":{"self":[{"href":"https:\/\/www.ccvalguiers.fr\/infos\/wp-json\/wp\/v2\/posts\/4502","targetHints":{"allow":["GET"]}}],"collection":[{"href":"https:\/\/www.ccvalguiers.fr\/infos\/wp-json\/wp\/v2\/posts"}],"about":[{"href":"https:\/\/www.ccvalguiers.fr\/infos\/wp-json\/wp\/v2\/types\/post"}],"author":[{"embeddable":true,"href":"https:\/\/www.ccvalguiers.fr\/infos\/wp-json\/wp\/v2\/users\/3"}],"replies":[{"embeddable":true,"href":"https:\/\/www.ccvalguiers.fr\/infos\/wp-json\/wp\/v2\/comments?post=4502"}],"version-history":[{"count":4,"href":"https:\/\/www.ccvalguiers.fr\/infos\/wp-json\/wp\/v2\/posts\/4502\/revisions"}],"predecessor-version":[{"id":4529,"href":"https:\/\/www.ccvalguiers.fr\/infos\/wp-json\/wp\/v2\/posts\/4502\/revisions\/4529"}],"wp:featuredmedia":[{"embeddable":true,"href":"https:\/\/www.ccvalguiers.fr\/infos\/wp-json\/wp\/v2\/media\/3035"}],"wp:attachment":[{"href":"https:\/\/www.ccvalguiers.fr\/infos\/wp-json\/wp\/v2\/media?parent=4502"}],"wp:term":[{"taxonomy":"category","embeddable":true,"href":"https:\/\/www.ccvalguiers.fr\/infos\/wp-json\/wp\/v2\/categories?post=4502"},{"taxonomy":"post_tag","embeddable":true,"href":"https:\/\/www.ccvalguiers.fr\/infos\/wp-json\/wp\/v2\/tags?post=4502"}],"curies":[{"name":"wp","href":"https:\/\/api.w.org\/{rel}","templated":true}]}}