{"id":5868,"date":"2025-01-20T12:28:49","date_gmt":"2025-01-20T11:28:49","guid":{"rendered":"https:\/\/www.ccvalguiers.fr\/infos\/?p=5868"},"modified":"2025-11-13T15:04:13","modified_gmt":"2025-11-13T14:04:13","slug":"permanence-info-jeunes-a-saint-genix-les-villages","status":"publish","type":"post","link":"https:\/\/www.ccvalguiers.fr\/infos\/permanence-info-jeunes-a-saint-genix-les-villages\/","title":{"rendered":"Permanence Info jeunes \u00e0 Saint-Genix-les-Villages"},"content":{"rendered":"\n[et_pb_section fb_built=\u00a0\u00bb1&Prime; admin_label=\u00a0\u00bbsection\u00a0\u00bb _builder_version=\u00a0\u00bb4.27.4&Prime; background_color=\u00a0\u00bbRGBA(255,255,255,0)\u00a0\u00bb custom_margin=\u00a0\u00bb0px||0px||false|false\u00a0\u00bb custom_margin_tablet=\u00a0\u00bb0px||||false|false\u00a0\u00bb custom_margin_phone=\u00a0\u00bb0px||||false|false\u00a0\u00bb custom_margin_last_edited=\u00a0\u00bbon|phone\u00a0\u00bb custom_padding=\u00a0\u00bb0px||0px||false|false\u00a0\u00bb hover_enabled=\u00a0\u00bb0&Prime; global_colors_info=\u00a0\u00bb{}\u00a0\u00bb theme_builder_area=\u00a0\u00bbpost_content\u00a0\u00bb sticky_enabled=\u00a0\u00bb0&Prime;][et_pb_row admin_label=\u00a0\u00bbrow\u00a0\u00bb _builder_version=\u00a0\u00bb4.16&Prime; background_size=\u00a0\u00bbinitial\u00a0\u00bb background_position=\u00a0\u00bbtop_left\u00a0\u00bb background_repeat=\u00a0\u00bbrepeat\u00a0\u00bb custom_margin=\u00a0\u00bb0px||||false|false\u00a0\u00bb custom_padding=\u00a0\u00bb0px||0px||false|false\u00a0\u00bb global_colors_info=\u00a0\u00bb{}\u00a0\u00bb theme_builder_area=\u00a0\u00bbpost_content\u00a0\u00bb][et_pb_column type=\u00a0\u00bb4_4&Prime; _builder_version=\u00a0\u00bb4.16&Prime; custom_padding=\u00a0\u00bb|||\u00a0\u00bb global_colors_info=\u00a0\u00bb{}\u00a0\u00bb custom_padding__hover=\u00a0\u00bb|||\u00a0\u00bb theme_builder_area=\u00a0\u00bbpost_content\u00a0\u00bb][et_pb_post_title meta=\u00a0\u00bboff\u00a0\u00bb _builder_version=\u00a0\u00bb4.27.4&Prime; _module_preset=\u00a0\u00bbdefault\u00a0\u00bb title_text_color=\u00a0\u00bb#096A87&Prime; title_font_size=\u00a0\u00bb20px\u00a0\u00bb meta_font=\u00a0\u00bb||on||||||\u00a0\u00bb meta_text_color=\u00a0\u00bb#E51A2F\u00a0\u00bb meta_font_size=\u00a0\u00bb14px\u00a0\u00bb meta_line_height=\u00a0\u00bb2.2em\u00a0\u00bb custom_margin=\u00a0\u00bb0px||||false|false\u00a0\u00bb custom_padding=\u00a0\u00bb0px||5px||false|false\u00a0\u00bb hover_enabled=\u00a0\u00bb0&Prime; title_font_size_tablet=\u00a0\u00bb18px\u00a0\u00bb title_font_size_phone=\u00a0\u00bb16px\u00a0\u00bb title_font_size_last_edited=\u00a0\u00bbon|phone\u00a0\u00bb global_colors_info=\u00a0\u00bb{}\u00a0\u00bb meta_text_color__hover_enabled=\u00a0\u00bbon|desktop\u00a0\u00bb meta_text_color__hover=\u00a0\u00bb#0C424A\u00a0\u00bb theme_builder_area=\u00a0\u00bbpost_content\u00a0\u00bb sticky_enabled=\u00a0\u00bb0&Prime;][\/et_pb_post_title][et_pb_text _builder_version=\u00a0\u00bb4.27.4&Prime; _module_preset=\u00a0\u00bbdefault\u00a0\u00bb hover_enabled=\u00a0\u00bb0&Prime; global_colors_info=\u00a0\u00bb{}\u00a0\u00bb theme_builder_area=\u00a0\u00bbpost_content\u00a0\u00bb sticky_enabled=\u00a0\u00bb0&Prime;]<p>Tous les lundis 14h -17h<\/p>\n<p>Pour qui ? Pour les jeunes entre 13 et 29 ans<\/p>\n<p>Pourquoi ? Logement, sant\u00e9, orientation, emploi, mobilit\u00e9, acc\u00e8s aux droits&#8230; Il y a autant de sujets que de jeunes !<\/p>\n<p>O\u00f9 ? Au Clic et Ressources \u00e0 Saint-Genix-les-Villages.<\/p>\n<p>Gratuit et anonyme<\/p>[\/et_pb_text][\/et_pb_column][\/et_pb_row][\/et_pb_section]\n","protected":false},"excerpt":{"rendered":"<p>Tous les lundis 14h -17h Pour qui ? Pour les jeunes entre 13 et 29 ans Pourquoi ? Logement, sant\u00e9, orientation, emploi, mobilit\u00e9, acc\u00e8s aux droits&#8230; Il y a autant de sujets que de jeunes ! O\u00f9 ? Au Clic et Ressources \u00e0 Saint-Genix-les-Villages. Gratuit et anonyme<\/p>\n","protected":false},"author":5,"featured_media":5869,"comment_status":"closed","ping_status":"closed","sticky":false,"template":"","format":"standard","meta":{"_et_pb_use_builder":"on","_et_pb_old_content":"","_et_gb_content_width":"","footnotes":""},"categories":[31,11],"tags":[],"class_list":["post-5868","post","type-post","status-publish","format-standard","has-post-thumbnail","hentry","category-actualites","category-enfance-jeunesse"],"yoast_head":"<!-- This site is optimized with the Yoast SEO plugin v27.5 - https:\/\/yoast.com\/product\/yoast-seo-wordpress\/ -->\n<title>Permanence Info jeunes \u00e0 Saint-Genix-les-Villages | Communaut\u00e9 de Communes Val Guiers | CCVG<\/title>\n<meta name=\"description\" content=\"Permanence Info jeunes \u00e0 Saint-Genix-les-Villages | CC Val Guiers | Savoie | Informations, d\u00e9marches, actualit\u00e9s, intercommunalit\u00e9, enfance, jeunesse CCVG\" \/>\n<meta name=\"robots\" content=\"index, follow, max-snippet:-1, max-image-preview:large, max-video-preview:-1\" \/>\n<link rel=\"canonical\" href=\"https:\/\/www.ccvalguiers.fr\/infos\/permanence-info-jeunes-a-saint-genix-les-villages\/\" \/>\n<meta property=\"og:locale\" content=\"fr_FR\" \/>\n<meta property=\"og:type\" content=\"article\" \/>\n<meta property=\"og:title\" content=\"Permanence Info jeunes \u00e0 Saint-Genix-les-Villages | Communaut\u00e9 de Communes Val Guiers | CCVG\" \/>\n<meta property=\"og:description\" content=\"Permanence Info jeunes \u00e0 Saint-Genix-les-Villages | CC Val Guiers | Savoie | Informations, d\u00e9marches, actualit\u00e9s, intercommunalit\u00e9, enfance, jeunesse CCVG\" \/>\n<meta property=\"og:url\" content=\"https:\/\/www.ccvalguiers.fr\/infos\/permanence-info-jeunes-a-saint-genix-les-villages\/\" \/>\n<meta property=\"og:site_name\" content=\"Communaut\u00e9 de Communes Val Guiers\" \/>\n<meta property=\"article:published_time\" content=\"2025-01-20T11:28:49+00:00\" \/>\n<meta property=\"article:modified_time\" content=\"2025-11-13T14:04:13+00:00\" \/>\n<meta property=\"og:image\" content=\"https:\/\/www.ccvalguiers.fr\/infos\/wp-content\/uploads\/2025\/01\/Perm-st-genix4.png\" \/>\n\t<meta property=\"og:image:width\" content=\"1080\" \/>\n\t<meta property=\"og:image:height\" content=\"1080\" \/>\n\t<meta property=\"og:image:type\" content=\"image\/png\" \/>\n<meta name=\"author\" content=\"CCVG Communication\" \/>\n<meta name=\"twitter:card\" content=\"summary_large_image\" \/>\n<meta name=\"twitter:label1\" content=\"\u00c9crit par\" \/>\n\t<meta name=\"twitter:data1\" content=\"CCVG Communication\" \/>\n\t<meta name=\"twitter:label2\" content=\"Dur\u00e9e de lecture estim\u00e9e\" \/>\n\t<meta name=\"twitter:data2\" content=\"1 minute\" \/>\n<script type=\"application\/ld+json\" class=\"yoast-schema-graph\">{\"@context\":\"https:\\\/\\\/schema.org\",\"@graph\":[{\"@type\":\"Article\",\"@id\":\"https:\\\/\\\/www.ccvalguiers.fr\\\/infos\\\/permanence-info-jeunes-a-saint-genix-les-villages\\\/#article\",\"isPartOf\":{\"@id\":\"https:\\\/\\\/www.ccvalguiers.fr\\\/infos\\\/permanence-info-jeunes-a-saint-genix-les-villages\\\/\"},\"author\":{\"name\":\"CCVG Communication\",\"@id\":\"https:\\\/\\\/www.ccvalguiers.fr\\\/infos\\\/#\\\/schema\\\/person\\\/312dd681fd97e8ce529ca013498fa64e\"},\"headline\":\"Permanence Info jeunes \u00e0 Saint-Genix-les-Villages\",\"datePublished\":\"2025-01-20T11:28:49+00:00\",\"dateModified\":\"2025-11-13T14:04:13+00:00\",\"mainEntityOfPage\":{\"@id\":\"https:\\\/\\\/www.ccvalguiers.fr\\\/infos\\\/permanence-info-jeunes-a-saint-genix-les-villages\\\/\"},\"wordCount\":282,\"publisher\":{\"@id\":\"https:\\\/\\\/www.ccvalguiers.fr\\\/infos\\\/#organization\"},\"image\":{\"@id\":\"https:\\\/\\\/www.ccvalguiers.fr\\\/infos\\\/permanence-info-jeunes-a-saint-genix-les-villages\\\/#primaryimage\"},\"thumbnailUrl\":\"https:\\\/\\\/www.ccvalguiers.fr\\\/infos\\\/wp-content\\\/uploads\\\/2025\\\/01\\\/Perm-st-genix4.png\",\"articleSection\":[\"Actualit\u00e9s\",\"Enfance \\\/ jeunesse\"],\"inLanguage\":\"fr-FR\"},{\"@type\":\"WebPage\",\"@id\":\"https:\\\/\\\/www.ccvalguiers.fr\\\/infos\\\/permanence-info-jeunes-a-saint-genix-les-villages\\\/\",\"url\":\"https:\\\/\\\/www.ccvalguiers.fr\\\/infos\\\/permanence-info-jeunes-a-saint-genix-les-villages\\\/\",\"name\":\"Permanence Info jeunes \u00e0 Saint-Genix-les-Villages | Communaut\u00e9 de Communes Val Guiers | CCVG\",\"isPartOf\":{\"@id\":\"https:\\\/\\\/www.ccvalguiers.fr\\\/infos\\\/#website\"},\"primaryImageOfPage\":{\"@id\":\"https:\\\/\\\/www.ccvalguiers.fr\\\/infos\\\/permanence-info-jeunes-a-saint-genix-les-villages\\\/#primaryimage\"},\"image\":{\"@id\":\"https:\\\/\\\/www.ccvalguiers.fr\\\/infos\\\/permanence-info-jeunes-a-saint-genix-les-villages\\\/#primaryimage\"},\"thumbnailUrl\":\"https:\\\/\\\/www.ccvalguiers.fr\\\/infos\\\/wp-content\\\/uploads\\\/2025\\\/01\\\/Perm-st-genix4.png\",\"datePublished\":\"2025-01-20T11:28:49+00:00\",\"dateModified\":\"2025-11-13T14:04:13+00:00\",\"description\":\"Permanence Info jeunes \u00e0 Saint-Genix-les-Villages | CC Val Guiers | Savoie | Informations, d\u00e9marches, actualit\u00e9s, intercommunalit\u00e9, enfance, jeunesse CCVG\",\"breadcrumb\":{\"@id\":\"https:\\\/\\\/www.ccvalguiers.fr\\\/infos\\\/permanence-info-jeunes-a-saint-genix-les-villages\\\/#breadcrumb\"},\"inLanguage\":\"fr-FR\",\"potentialAction\":[{\"@type\":\"ReadAction\",\"target\":[\"https:\\\/\\\/www.ccvalguiers.fr\\\/infos\\\/permanence-info-jeunes-a-saint-genix-les-villages\\\/\"]}]},{\"@type\":\"ImageObject\",\"inLanguage\":\"fr-FR\",\"@id\":\"https:\\\/\\\/www.ccvalguiers.fr\\\/infos\\\/permanence-info-jeunes-a-saint-genix-les-villages\\\/#primaryimage\",\"url\":\"https:\\\/\\\/www.ccvalguiers.fr\\\/infos\\\/wp-content\\\/uploads\\\/2025\\\/01\\\/Perm-st-genix4.png\",\"contentUrl\":\"https:\\\/\\\/www.ccvalguiers.fr\\\/infos\\\/wp-content\\\/uploads\\\/2025\\\/01\\\/Perm-st-genix4.png\",\"width\":1080,\"height\":1080,\"caption\":\"permanence de l'Info jeunes \u00e0 Saint Genix\"},{\"@type\":\"BreadcrumbList\",\"@id\":\"https:\\\/\\\/www.ccvalguiers.fr\\\/infos\\\/permanence-info-jeunes-a-saint-genix-les-villages\\\/#breadcrumb\",\"itemListElement\":[{\"@type\":\"ListItem\",\"position\":1,\"name\":\"Accueil\",\"item\":\"https:\\\/\\\/www.ccvalguiers.fr\\\/infos\\\/\"},{\"@type\":\"ListItem\",\"position\":2,\"name\":\"Actualit\u00e9s\",\"item\":\"https:\\\/\\\/www.ccvalguiers.fr\\\/infos\\\/category\\\/actualites\\\/\"},{\"@type\":\"ListItem\",\"position\":3,\"name\":\"Permanence Info jeunes \u00e0 Saint-Genix-les-Villages\"}]},{\"@type\":\"WebSite\",\"@id\":\"https:\\\/\\\/www.ccvalguiers.fr\\\/infos\\\/#website\",\"url\":\"https:\\\/\\\/www.ccvalguiers.fr\\\/infos\\\/\",\"name\":\"Communaut\u00e9 de Communes Val Guiers\",\"description\":\"CCVG - Territoire de Val Guiers, de Pont-de-Beauvoisin \u00e0 Saint-Genix-les-Villages - 11 communes situ\u00e9es dans l&#039;Avant-Pays Savoyard\",\"publisher\":{\"@id\":\"https:\\\/\\\/www.ccvalguiers.fr\\\/infos\\\/#organization\"},\"alternateName\":\"CCVG\",\"potentialAction\":[{\"@type\":\"SearchAction\",\"target\":{\"@type\":\"EntryPoint\",\"urlTemplate\":\"https:\\\/\\\/www.ccvalguiers.fr\\\/infos\\\/?s={search_term_string}\"},\"query-input\":{\"@type\":\"PropertyValueSpecification\",\"valueRequired\":true,\"valueName\":\"search_term_string\"}}],\"inLanguage\":\"fr-FR\"},{\"@type\":\"Organization\",\"@id\":\"https:\\\/\\\/www.ccvalguiers.fr\\\/infos\\\/#organization\",\"name\":\"Communaut\u00e9 de Communes Val Guiers\",\"alternateName\":\"CCVG\",\"url\":\"https:\\\/\\\/www.ccvalguiers.fr\\\/infos\\\/\",\"logo\":{\"@type\":\"ImageObject\",\"inLanguage\":\"fr-FR\",\"@id\":\"https:\\\/\\\/www.ccvalguiers.fr\\\/infos\\\/#\\\/schema\\\/logo\\\/image\\\/\",\"url\":\"https:\\\/\\\/www.ccvalguiers.fr\\\/infos\\\/wp-content\\\/uploads\\\/2022\\\/07\\\/CC-Val-Guiers-logo-transp.png\",\"contentUrl\":\"https:\\\/\\\/www.ccvalguiers.fr\\\/infos\\\/wp-content\\\/uploads\\\/2022\\\/07\\\/CC-Val-Guiers-logo-transp.png\",\"width\":600,\"height\":602,\"caption\":\"Communaut\u00e9 de Communes Val Guiers\"},\"image\":{\"@id\":\"https:\\\/\\\/www.ccvalguiers.fr\\\/infos\\\/#\\\/schema\\\/logo\\\/image\\\/\"}},{\"@type\":\"Person\",\"@id\":\"https:\\\/\\\/www.ccvalguiers.fr\\\/infos\\\/#\\\/schema\\\/person\\\/312dd681fd97e8ce529ca013498fa64e\",\"name\":\"CCVG Communication\",\"image\":{\"@type\":\"ImageObject\",\"inLanguage\":\"fr-FR\",\"@id\":\"https:\\\/\\\/secure.gravatar.com\\\/avatar\\\/38c271b24d6e6c0662f7b82bee1f30d70b0bd7daead0cd89342c4e6a7509056f?s=96&d=mm&r=g\",\"url\":\"https:\\\/\\\/secure.gravatar.com\\\/avatar\\\/38c271b24d6e6c0662f7b82bee1f30d70b0bd7daead0cd89342c4e6a7509056f?s=96&d=mm&r=g\",\"contentUrl\":\"https:\\\/\\\/secure.gravatar.com\\\/avatar\\\/38c271b24d6e6c0662f7b82bee1f30d70b0bd7daead0cd89342c4e6a7509056f?s=96&d=mm&r=g\",\"caption\":\"CCVG Communication\"}}]}<\/script>\n<!-- \/ Yoast SEO plugin. -->","yoast_head_json":{"title":"Permanence Info jeunes \u00e0 Saint-Genix-les-Villages | Communaut\u00e9 de Communes Val Guiers | CCVG","description":"Permanence Info jeunes \u00e0 Saint-Genix-les-Villages | CC Val Guiers | Savoie | Informations, d\u00e9marches, actualit\u00e9s, intercommunalit\u00e9, enfance, jeunesse CCVG","robots":{"index":"index","follow":"follow","max-snippet":"max-snippet:-1","max-image-preview":"max-image-preview:large","max-video-preview":"max-video-preview:-1"},"canonical":"https:\/\/www.ccvalguiers.fr\/infos\/permanence-info-jeunes-a-saint-genix-les-villages\/","og_locale":"fr_FR","og_type":"article","og_title":"Permanence Info jeunes \u00e0 Saint-Genix-les-Villages | Communaut\u00e9 de Communes Val Guiers | CCVG","og_description":"Permanence Info jeunes \u00e0 Saint-Genix-les-Villages | CC Val Guiers | Savoie | Informations, d\u00e9marches, actualit\u00e9s, intercommunalit\u00e9, enfance, jeunesse CCVG","og_url":"https:\/\/www.ccvalguiers.fr\/infos\/permanence-info-jeunes-a-saint-genix-les-villages\/","og_site_name":"Communaut\u00e9 de Communes Val Guiers","article_published_time":"2025-01-20T11:28:49+00:00","article_modified_time":"2025-11-13T14:04:13+00:00","og_image":[{"width":1080,"height":1080,"url":"https:\/\/www.ccvalguiers.fr\/infos\/wp-content\/uploads\/2025\/01\/Perm-st-genix4.png","type":"image\/png"}],"author":"CCVG Communication","twitter_card":"summary_large_image","twitter_misc":{"\u00c9crit par":"CCVG Communication","Dur\u00e9e de lecture estim\u00e9e":"1 minute"},"schema":{"@context":"https:\/\/schema.org","@graph":[{"@type":"Article","@id":"https:\/\/www.ccvalguiers.fr\/infos\/permanence-info-jeunes-a-saint-genix-les-villages\/#article","isPartOf":{"@id":"https:\/\/www.ccvalguiers.fr\/infos\/permanence-info-jeunes-a-saint-genix-les-villages\/"},"author":{"name":"CCVG Communication","@id":"https:\/\/www.ccvalguiers.fr\/infos\/#\/schema\/person\/312dd681fd97e8ce529ca013498fa64e"},"headline":"Permanence Info jeunes \u00e0 Saint-Genix-les-Villages","datePublished":"2025-01-20T11:28:49+00:00","dateModified":"2025-11-13T14:04:13+00:00","mainEntityOfPage":{"@id":"https:\/\/www.ccvalguiers.fr\/infos\/permanence-info-jeunes-a-saint-genix-les-villages\/"},"wordCount":282,"publisher":{"@id":"https:\/\/www.ccvalguiers.fr\/infos\/#organization"},"image":{"@id":"https:\/\/www.ccvalguiers.fr\/infos\/permanence-info-jeunes-a-saint-genix-les-villages\/#primaryimage"},"thumbnailUrl":"https:\/\/www.ccvalguiers.fr\/infos\/wp-content\/uploads\/2025\/01\/Perm-st-genix4.png","articleSection":["Actualit\u00e9s","Enfance \/ jeunesse"],"inLanguage":"fr-FR"},{"@type":"WebPage","@id":"https:\/\/www.ccvalguiers.fr\/infos\/permanence-info-jeunes-a-saint-genix-les-villages\/","url":"https:\/\/www.ccvalguiers.fr\/infos\/permanence-info-jeunes-a-saint-genix-les-villages\/","name":"Permanence Info jeunes \u00e0 Saint-Genix-les-Villages | Communaut\u00e9 de Communes Val Guiers | CCVG","isPartOf":{"@id":"https:\/\/www.ccvalguiers.fr\/infos\/#website"},"primaryImageOfPage":{"@id":"https:\/\/www.ccvalguiers.fr\/infos\/permanence-info-jeunes-a-saint-genix-les-villages\/#primaryimage"},"image":{"@id":"https:\/\/www.ccvalguiers.fr\/infos\/permanence-info-jeunes-a-saint-genix-les-villages\/#primaryimage"},"thumbnailUrl":"https:\/\/www.ccvalguiers.fr\/infos\/wp-content\/uploads\/2025\/01\/Perm-st-genix4.png","datePublished":"2025-01-20T11:28:49+00:00","dateModified":"2025-11-13T14:04:13+00:00","description":"Permanence Info jeunes \u00e0 Saint-Genix-les-Villages | CC Val Guiers | Savoie | Informations, d\u00e9marches, actualit\u00e9s, intercommunalit\u00e9, enfance, jeunesse CCVG","breadcrumb":{"@id":"https:\/\/www.ccvalguiers.fr\/infos\/permanence-info-jeunes-a-saint-genix-les-villages\/#breadcrumb"},"inLanguage":"fr-FR","potentialAction":[{"@type":"ReadAction","target":["https:\/\/www.ccvalguiers.fr\/infos\/permanence-info-jeunes-a-saint-genix-les-villages\/"]}]},{"@type":"ImageObject","inLanguage":"fr-FR","@id":"https:\/\/www.ccvalguiers.fr\/infos\/permanence-info-jeunes-a-saint-genix-les-villages\/#primaryimage","url":"https:\/\/www.ccvalguiers.fr\/infos\/wp-content\/uploads\/2025\/01\/Perm-st-genix4.png","contentUrl":"https:\/\/www.ccvalguiers.fr\/infos\/wp-content\/uploads\/2025\/01\/Perm-st-genix4.png","width":1080,"height":1080,"caption":"permanence de l'Info jeunes \u00e0 Saint Genix"},{"@type":"BreadcrumbList","@id":"https:\/\/www.ccvalguiers.fr\/infos\/permanence-info-jeunes-a-saint-genix-les-villages\/#breadcrumb","itemListElement":[{"@type":"ListItem","position":1,"name":"Accueil","item":"https:\/\/www.ccvalguiers.fr\/infos\/"},{"@type":"ListItem","position":2,"name":"Actualit\u00e9s","item":"https:\/\/www.ccvalguiers.fr\/infos\/category\/actualites\/"},{"@type":"ListItem","position":3,"name":"Permanence Info jeunes \u00e0 Saint-Genix-les-Villages"}]},{"@type":"WebSite","@id":"https:\/\/www.ccvalguiers.fr\/infos\/#website","url":"https:\/\/www.ccvalguiers.fr\/infos\/","name":"Communaut\u00e9 de Communes Val Guiers","description":"CCVG - Territoire de Val Guiers, de Pont-de-Beauvoisin \u00e0 Saint-Genix-les-Villages - 11 communes situ\u00e9es dans l&#039;Avant-Pays Savoyard","publisher":{"@id":"https:\/\/www.ccvalguiers.fr\/infos\/#organization"},"alternateName":"CCVG","potentialAction":[{"@type":"SearchAction","target":{"@type":"EntryPoint","urlTemplate":"https:\/\/www.ccvalguiers.fr\/infos\/?s={search_term_string}"},"query-input":{"@type":"PropertyValueSpecification","valueRequired":true,"valueName":"search_term_string"}}],"inLanguage":"fr-FR"},{"@type":"Organization","@id":"https:\/\/www.ccvalguiers.fr\/infos\/#organization","name":"Communaut\u00e9 de Communes Val Guiers","alternateName":"CCVG","url":"https:\/\/www.ccvalguiers.fr\/infos\/","logo":{"@type":"ImageObject","inLanguage":"fr-FR","@id":"https:\/\/www.ccvalguiers.fr\/infos\/#\/schema\/logo\/image\/","url":"https:\/\/www.ccvalguiers.fr\/infos\/wp-content\/uploads\/2022\/07\/CC-Val-Guiers-logo-transp.png","contentUrl":"https:\/\/www.ccvalguiers.fr\/infos\/wp-content\/uploads\/2022\/07\/CC-Val-Guiers-logo-transp.png","width":600,"height":602,"caption":"Communaut\u00e9 de Communes Val Guiers"},"image":{"@id":"https:\/\/www.ccvalguiers.fr\/infos\/#\/schema\/logo\/image\/"}},{"@type":"Person","@id":"https:\/\/www.ccvalguiers.fr\/infos\/#\/schema\/person\/312dd681fd97e8ce529ca013498fa64e","name":"CCVG Communication","image":{"@type":"ImageObject","inLanguage":"fr-FR","@id":"https:\/\/secure.gravatar.com\/avatar\/38c271b24d6e6c0662f7b82bee1f30d70b0bd7daead0cd89342c4e6a7509056f?s=96&d=mm&r=g","url":"https:\/\/secure.gravatar.com\/avatar\/38c271b24d6e6c0662f7b82bee1f30d70b0bd7daead0cd89342c4e6a7509056f?s=96&d=mm&r=g","contentUrl":"https:\/\/secure.gravatar.com\/avatar\/38c271b24d6e6c0662f7b82bee1f30d70b0bd7daead0cd89342c4e6a7509056f?s=96&d=mm&r=g","caption":"CCVG Communication"}}]}},"publishpress_future_action":{"enabled":false,"date":"2026-05-08 00:16:11","action":"change-status","newStatus":"draft","terms":[],"taxonomy":"category","extraData":[]},"publishpress_future_workflow_manual_trigger":{"enabledWorkflows":[]},"_links":{"self":[{"href":"https:\/\/www.ccvalguiers.fr\/infos\/wp-json\/wp\/v2\/posts\/5868","targetHints":{"allow":["GET"]}}],"collection":[{"href":"https:\/\/www.ccvalguiers.fr\/infos\/wp-json\/wp\/v2\/posts"}],"about":[{"href":"https:\/\/www.ccvalguiers.fr\/infos\/wp-json\/wp\/v2\/types\/post"}],"author":[{"embeddable":true,"href":"https:\/\/www.ccvalguiers.fr\/infos\/wp-json\/wp\/v2\/users\/5"}],"replies":[{"embeddable":true,"href":"https:\/\/www.ccvalguiers.fr\/infos\/wp-json\/wp\/v2\/comments?post=5868"}],"version-history":[{"count":5,"href":"https:\/\/www.ccvalguiers.fr\/infos\/wp-json\/wp\/v2\/posts\/5868\/revisions"}],"predecessor-version":[{"id":5877,"href":"https:\/\/www.ccvalguiers.fr\/infos\/wp-json\/wp\/v2\/posts\/5868\/revisions\/5877"}],"wp:featuredmedia":[{"embeddable":true,"href":"https:\/\/www.ccvalguiers.fr\/infos\/wp-json\/wp\/v2\/media\/5869"}],"wp:attachment":[{"href":"https:\/\/www.ccvalguiers.fr\/infos\/wp-json\/wp\/v2\/media?parent=5868"}],"wp:term":[{"taxonomy":"category","embeddable":true,"href":"https:\/\/www.ccvalguiers.fr\/infos\/wp-json\/wp\/v2\/categories?post=5868"},{"taxonomy":"post_tag","embeddable":true,"href":"https:\/\/www.ccvalguiers.fr\/infos\/wp-json\/wp\/v2\/tags?post=5868"}],"curies":[{"name":"wp","href":"https:\/\/api.w.org\/{rel}","templated":true}]}}