{"id":7173,"date":"2025-11-17T12:19:24","date_gmt":"2025-11-17T11:19:24","guid":{"rendered":"https:\/\/www.ccvalguiers.fr\/infos\/?p=7173"},"modified":"2025-11-17T13:58:19","modified_gmt":"2025-11-17T12:58:19","slug":"laccueil-des-enfants-porteurs-de-handicap-et-ou-a-besoins-specifiques","status":"publish","type":"post","link":"https:\/\/www.ccvalguiers.fr\/infos\/laccueil-des-enfants-porteurs-de-handicap-et-ou-a-besoins-specifiques\/","title":{"rendered":"L&rsquo;accueil des enfants porteurs de handicap et\/ou \u00e0 besoins sp\u00e9cifiques"},"content":{"rendered":"\n[et_pb_section fb_built=\u00a0\u00bb1&Prime; _builder_version=\u00a0\u00bb4.27.4&Prime; _module_preset=\u00a0\u00bbdefault\u00a0\u00bb background_color=\u00a0\u00bbRGBA(255,255,255,0)\u00a0\u00bb width=\u00a0\u00bb100%\u00a0\u00bb max_width=\u00a0\u00bb100%\u00a0\u00bb module_alignment=\u00a0\u00bbcenter\u00a0\u00bb custom_margin=\u00a0\u00bb0px||0px||false|false\u00a0\u00bb custom_padding=\u00a0\u00bb0px||0px||false|false\u00a0\u00bb locked=\u00a0\u00bboff\u00a0\u00bb global_colors_info=\u00a0\u00bb{}\u00a0\u00bb][et_pb_row column_structure=\u00a0\u00bb3_5,1_5,1_5&Prime; use_custom_gutter=\u00a0\u00bbon\u00a0\u00bb gutter_width=\u00a0\u00bb1&Prime; make_equal=\u00a0\u00bbon\u00a0\u00bb _builder_version=\u00a0\u00bb4.27.4&Prime; _module_preset=\u00a0\u00bbdefault\u00a0\u00bb width=\u00a0\u00bb100%\u00a0\u00bb custom_padding=\u00a0\u00bb0px||0px||false|false\u00a0\u00bb global_colors_info=\u00a0\u00bb{}\u00a0\u00bb][et_pb_column type=\u00a0\u00bb3_5&Prime; _builder_version=\u00a0\u00bb4.21.0&Prime; _module_preset=\u00a0\u00bbdefault\u00a0\u00bb global_colors_info=\u00a0\u00bb{}\u00a0\u00bb][et_pb_text _builder_version=\u00a0\u00bb4.27.4&Prime; _module_preset=\u00a0\u00bbdefault\u00a0\u00bb text_orientation=\u00a0\u00bbjustified\u00a0\u00bb custom_margin=\u00a0\u00bb0px||0px||false|false\u00a0\u00bb custom_padding=\u00a0\u00bb||10px||false|false\u00a0\u00bb global_colors_info=\u00a0\u00bb{}\u00a0\u00bb]<p><strong>Am\u00e9lioration et d\u00e9ploiement de l&rsquo;accueil des enfants porteurs de handicap et\/ou \u00e0 besoins sp\u00e9cifiques<\/strong><\/p>\n<p><strong>Dur\u00e9e du dispositif : du 01 janvier 2025 au 31 d\u00e9cembre 2027.<\/strong><\/p>[\/et_pb_text][et_pb_text _builder_version=\u00a0\u00bb4.27.4&Prime; _module_preset=\u00a0\u00bbdefault\u00a0\u00bb link_font=\u00a0\u00bb||||on||||\u00a0\u00bb link_text_color=\u00a0\u00bb#0C424A\u00a0\u00bb text_orientation=\u00a0\u00bbjustified\u00a0\u00bb global_colors_info=\u00a0\u00bb{}\u00a0\u00bb link_text_color__hover_enabled=\u00a0\u00bbon|hover\u00a0\u00bb link_text_color__hover=\u00a0\u00bb#67BFBF\u00a0\u00bb]<p>Commenc\u00e9 dans le cadre du <strong>programme FSE<\/strong>+, le projet vise \u00e0 am\u00e9liorer et \u00e9largir l&rsquo;accueil dans de bonnes conditions pour tous les enfants du territoire afin de favoriser la mixit\u00e9 et le bien vivre ensemble.<\/p>\n<p>La volont\u00e9 est de permettre un <strong>accueil adapt\u00e9 \u00e0 tous les enfants en prenant en compte leurs besoins sp\u00e9cifiques<\/strong> dans la limite de nos moyens tout en d\u00e9veloppant les comp\u00e9tences de nos agents en structurant mieux notre organisation.<\/p>\n<p><strong>Objectifs du projet\u00a0:<\/strong><\/p>\n<ul>\n<li><strong>D\u00e9velopper l\u2019accueil des enfants en situation de handicap et \u00e0 besoins sp\u00e9cifiques<\/strong>,<\/li>\n<li><strong>Favoriser la continuit\u00e9 de l\u2019accueil<\/strong> des enfants \u00e0 besoins sp\u00e9cifiques de la petite enfance \u00e0 l\u2019enfance<\/li>\n<li><strong>Identifier 2 personnes ressources<\/strong> sur lesquelles les professionnels de l\u2019ensemble des structures Val Guiers et les familles peuvent s\u2019appuyer, et faire le lien avec les partenaires m\u00e9dico-sociaux<\/li>\n<li><strong>Favoriser le \u00ab\u00a0vivre ensemble\u00a0\u00bb<\/strong> des enfants ayant des besoins sp\u00e9cifiques ou en situation de handicap et am\u00e9liorer l\u2019accueil mixte,<\/li>\n<li>Donner les cl\u00e9s aux \u00e9quipes pour sensibiliser les enfants \u00ab\u00a0ordinaires\u00a0\u00bb \u00e0 la diff\u00e9rence, <strong>d\u00e9velopper la tol\u00e9rance<\/strong>.<\/li>\n<\/ul>[\/et_pb_text][et_pb_divider show_divider=\u00a0\u00bboff\u00a0\u00bb _builder_version=\u00a0\u00bb4.27.4&Prime; _module_preset=\u00a0\u00bbdefault\u00a0\u00bb global_colors_info=\u00a0\u00bb{}\u00a0\u00bb][\/et_pb_divider][et_pb_image src=\u00a0\u00bbhttps:\/\/www.ccvalguiers.fr\/infos\/wp-content\/uploads\/2025\/11\/Image-de-Freepik-handicap-inclusion.jpg\u00a0\u00bb alt=\u00a0\u00bbTrois enfants qui font de l&rsquo;art ensemble, dont un enfant qui est en situation de handicap. Image de Freepik\u00a0\u00bb title_text=\u00a0\u00bbImage de Freepik &#8211; handicap inclusion\u00a0\u00bb _builder_version=\u00a0\u00bb4.27.4&Prime; _module_preset=\u00a0\u00bbdefault\u00a0\u00bb width=\u00a0\u00bb100%\u00a0\u00bb module_alignment=\u00a0\u00bbcenter\u00a0\u00bb global_colors_info=\u00a0\u00bb{}\u00a0\u00bb][\/et_pb_image][et_pb_divider show_divider=\u00a0\u00bboff\u00a0\u00bb _builder_version=\u00a0\u00bb4.27.4&Prime; _module_preset=\u00a0\u00bbdefault\u00a0\u00bb global_colors_info=\u00a0\u00bb{}\u00a0\u00bb][\/et_pb_divider][et_pb_text _builder_version=\u00a0\u00bb4.27.4&Prime; _module_preset=\u00a0\u00bbdefault\u00a0\u00bb global_colors_info=\u00a0\u00bb{}\u00a0\u00bb]<p><strong>Plan de financement<\/strong><\/p>\n<table style=\"width: 100%; border-collapse: collapse; border-style: groove; margin-left: auto; margin-right: auto;\" border=\"1\">\n<tbody>\n<tr>\n<td style=\"width: 25%;\">D\u00e9penses<\/td>\n<td style=\"width: 25%;\"><\/td>\n<td style=\"width: 25%;\">Recettes<\/td>\n<td style=\"width: 25%;\"><\/td>\n<\/tr>\n<tr>\n<td style=\"width: 25%;\"><\/td>\n<td style=\"width: 25%;\"><\/td>\n<td style=\"width: 25%;\">FSE+<\/td>\n<td style=\"width: 25%;\">65 288.49\u20ac<\/td>\n<\/tr>\n<tr>\n<td style=\"width: 25%;\"><\/td>\n<td style=\"width: 25%;\"><\/td>\n<td style=\"width: 25%;\">CAF Bonus inclusif<\/td>\n<td style=\"width: 25%;\">79 728.36\u20ac<\/td>\n<\/tr>\n<tr>\n<td style=\"width: 25%;\"><\/td>\n<td style=\"width: 25%;\"><\/td>\n<td style=\"width: 25%;\">Autofinancement<\/td>\n<td style=\"width: 25%;\">18 204.42\u20ac<\/td>\n<\/tr>\n<tr>\n<td style=\"width: 25%;\">TOTAL<\/td>\n<td style=\"width: 25%;\">163 221.27\u20ac<\/td>\n<td style=\"width: 25%;\">TOTAL<\/td>\n<td style=\"width: 25%;\">163 221.27\u20ac<\/td>\n<\/tr>\n<\/tbody>\n<\/table>\n<p>R\u00e9sultats de l\u2019op\u00e9ration\u00a0: Les r\u00e9sultats de cette op\u00e9ration seront communiqu\u00e9s \u00e0 l\u2019issue de la p\u00e9riode de mise en \u0153uvre.<\/p>[\/et_pb_text][et_pb_code _builder_version=\u00a0\u00bb4.27.4&Prime; _module_preset=\u00a0\u00bbdefault\u00a0\u00bb global_colors_info=\u00a0\u00bb{}\u00a0\u00bb][\/et_pb_code][et_pb_divider show_divider=\u00a0\u00bboff\u00a0\u00bb _builder_version=\u00a0\u00bb4.27.4&Prime; _module_preset=\u00a0\u00bbdefault\u00a0\u00bb global_colors_info=\u00a0\u00bb{}\u00a0\u00bb][\/et_pb_divider][et_pb_text _builder_version=\u00a0\u00bb4.27.4&Prime; _module_preset=\u00a0\u00bbdefault\u00a0\u00bb hover_enabled=\u00a0\u00bb0&Prime; global_colors_info=\u00a0\u00bb{}\u00a0\u00bb sticky_enabled=\u00a0\u00bb0&Prime;]<p><strong>Cette op\u00e9ration a \u00e9t\u00e9 co-financ\u00e9e par l\u2019Union Europ\u00e9eenne et la CAF.<\/strong><\/p>[\/et_pb_text][et_pb_divider show_divider=\u00a0\u00bboff\u00a0\u00bb _builder_version=\u00a0\u00bb4.27.4&Prime; _module_preset=\u00a0\u00bbdefault\u00a0\u00bb global_colors_info=\u00a0\u00bb{}\u00a0\u00bb][\/et_pb_divider][et_pb_image src=\u00a0\u00bbhttps:\/\/www.ccvalguiers.fr\/infos\/wp-content\/uploads\/2025\/11\/FSE-Banniere.png\u00a0\u00bb title_text=\u00a0\u00bbFSE Banni\u00e8re\u00a0\u00bb _builder_version=\u00a0\u00bb4.27.4&Prime; _module_preset=\u00a0\u00bbdefault\u00a0\u00bb global_colors_info=\u00a0\u00bb{}\u00a0\u00bb][\/et_pb_image][\/et_pb_column][et_pb_column type=\u00a0\u00bb1_5&Prime; _builder_version=\u00a0\u00bb4.21.0&Prime; _module_preset=\u00a0\u00bbdefault\u00a0\u00bb global_colors_info=\u00a0\u00bb{}\u00a0\u00bb][\/et_pb_column][et_pb_column type=\u00a0\u00bb1_5&Prime; _builder_version=\u00a0\u00bb4.21.0&Prime; _module_preset=\u00a0\u00bbdefault\u00a0\u00bb global_colors_info=\u00a0\u00bb{}\u00a0\u00bb][et_pb_blurb title=\u00a0\u00bbLiens utiles\u00a0\u00bb use_icon=\u00a0\u00bbon\u00a0\u00bb font_icon=\u00a0\u00bb&#xf2f6;||fa||900&Prime; icon_color=\u00a0\u00bb#67BFBF\u00a0\u00bb image_icon_background_color=\u00a0\u00bbRGBA(255,255,255,0)\u00a0\u00bb icon_placement=\u00a0\u00bbleft\u00a0\u00bb image_icon_width=\u00a0\u00bb35px\u00a0\u00bb _builder_version=\u00a0\u00bb4.27.2&Prime; _module_preset=\u00a0\u00bbdefault\u00a0\u00bb header_font=\u00a0\u00bb|600|||||||\u00a0\u00bb header_text_color=\u00a0\u00bb#0C424A\u00a0\u00bb header_font_size=\u00a0\u00bb15px\u00a0\u00bb body_text_color=\u00a0\u00bb#0C424A\u00a0\u00bb body_font_size=\u00a0\u00bb14px\u00a0\u00bb body_line_height=\u00a0\u00bb1.3em\u00a0\u00bb body_link_text_color=\u00a0\u00bb#0C424A\u00a0\u00bb body_link_font_size=\u00a0\u00bb14px\u00a0\u00bb image_icon_custom_margin=\u00a0\u00bb0px||0px||false|false\u00a0\u00bb image_icon_custom_padding=\u00a0\u00bb10px||10px|16px|false|false\u00a0\u00bb custom_margin=\u00a0\u00bb0px||0px||false|false\u00a0\u00bb custom_margin_tablet=\u00a0\u00bb0px||||false|false\u00a0\u00bb custom_margin_phone=\u00a0\u00bb0px||||false|false\u00a0\u00bb custom_margin_last_edited=\u00a0\u00bbon|phone\u00a0\u00bb custom_padding=\u00a0\u00bb10px||10px||false|false\u00a0\u00bb animation_style=\u00a0\u00bbfade\u00a0\u00bb border_color_all=\u00a0\u00bb#0C424A\u00a0\u00bb border_width_left=\u00a0\u00bb5px\u00a0\u00bb border_color_left_image=\u00a0\u00bb#E51A2F\u00a0\u00bb global_module=\u00a0\u00bb4739&Prime; saved_tabs=\u00a0\u00bball\u00a0\u00bb locked=\u00a0\u00bboff\u00a0\u00bb global_colors_info=\u00a0\u00bb{}\u00a0\u00bb body_link_text_color__hover_enabled=\u00a0\u00bbon|desktop\u00a0\u00bb body_link_text_color__hover=\u00a0\u00bb#E51A2F\u00a0\u00bb][\/et_pb_blurb][et_pb_cta title=\u00a0\u00bbL&rsquo;actu de la CCVG sur votre smartphone ou votre ordinateur\u00a0\u00bb button_url=\u00a0\u00bbhttps:\/\/app.panneaupocket.com\/\u00a0\u00bb url_new_window=\u00a0\u00bbon\u00a0\u00bb button_text=\u00a0\u00bbEn savoir +\u00a0\u00bb _builder_version=\u00a0\u00bb4.27.2&Prime; _module_preset=\u00a0\u00bbdefault\u00a0\u00bb header_font=\u00a0\u00bb|800|||||||\u00a0\u00bb header_text_align=\u00a0\u00bbcenter\u00a0\u00bb header_text_color=\u00a0\u00bb#0C424A\u00a0\u00bb header_font_size=\u00a0\u00bb15px\u00a0\u00bb header_line_height=\u00a0\u00bb1.3em\u00a0\u00bb body_text_color=\u00a0\u00bb#0C424A\u00a0\u00bb background_color=\u00a0\u00bb#FFFFFF\u00a0\u00bb custom_button=\u00a0\u00bbon\u00a0\u00bb button_text_size=\u00a0\u00bb12px\u00a0\u00bb button_bg_color=\u00a0\u00bb#0C424A\u00a0\u00bb button_border_radius=\u00a0\u00bb0px\u00a0\u00bb custom_margin=\u00a0\u00bb0px|0px|0px|0px|false|false\u00a0\u00bb custom_padding=\u00a0\u00bb|15px|||false|false\u00a0\u00bb animation_style=\u00a0\u00bbfade\u00a0\u00bb animation_direction=\u00a0\u00bbtop\u00a0\u00bb animation_duration=\u00a0\u00bb1400ms\u00a0\u00bb border_color_all=\u00a0\u00bb#0C424A\u00a0\u00bb border_style_all=\u00a0\u00bbdotted\u00a0\u00bb border_width_left=\u00a0\u00bb5px\u00a0\u00bb border_style_left=\u00a0\u00bbsolid\u00a0\u00bb box_shadow_style=\u00a0\u00bbpreset1&Prime; box_shadow_color=\u00a0\u00bbrgba(0,0,0,0.12)\u00a0\u00bb global_module=\u00a0\u00bb4740&Prime; locked=\u00a0\u00bboff\u00a0\u00bb global_colors_info=\u00a0\u00bb{}\u00a0\u00bb button_bg_color__hover_enabled=\u00a0\u00bbon|hover\u00a0\u00bb button_bg_color__hover=\u00a0\u00bb#E51A2F\u00a0\u00bb button_bg_enable_color__hover=\u00a0\u00bbon\u00a0\u00bb]<p style=\"text-align: center;\"><img loading=\"lazy\" decoding=\"async\" src=\"https:\/\/www.ccvalguiers.fr\/infos\/wp-content\/uploads\/2022\/07\/panneaupocket.jpg\" width=\"1064\" height=\"204\" alt=\"panneaupocket\" class=\"wp-image-307 aligncenter size-full\" srcset=\"https:\/\/www.ccvalguiers.fr\/infos\/wp-content\/uploads\/2022\/07\/panneaupocket.jpg 1064w, https:\/\/www.ccvalguiers.fr\/infos\/wp-content\/uploads\/2022\/07\/panneaupocket-980x188.jpg 980w, https:\/\/www.ccvalguiers.fr\/infos\/wp-content\/uploads\/2022\/07\/panneaupocket-480x92.jpg 480w\" sizes=\"(min-width: 0px) and (max-width: 480px) 480px, (min-width: 481px) and (max-width: 980px) 980px, (min-width: 981px) 1064px, 100vw\" \/><\/p>\n[\/et_pb_cta][\/et_pb_column][\/et_pb_row][\/et_pb_section]\n","protected":false},"excerpt":{"rendered":"<p>Am\u00e9lioration et d\u00e9ploiement de l&rsquo;accueil des enfants porteurs de handicap et\/ou \u00e0 besoins sp\u00e9cifiques Dur\u00e9e du dispositif : du 01 janvier 2025 au 31 d\u00e9cembre 2027.Commenc\u00e9 dans le cadre du programme FSE+, le projet vise \u00e0 am\u00e9liorer et \u00e9largir l&rsquo;accueil dans de bonnes conditions pour tous les enfants du territoire afin de favoriser la mixit\u00e9 [&hellip;]<\/p>\n","protected":false},"author":5,"featured_media":7180,"comment_status":"closed","ping_status":"closed","sticky":false,"template":"","format":"standard","meta":{"_et_pb_use_builder":"on","_et_pb_old_content":"","_et_gb_content_width":"1080","footnotes":""},"categories":[32,31,1,11],"tags":[105,102,103,104],"class_list":["post-7173","post","type-post","status-publish","format-standard","has-post-thumbnail","hentry","category-a-la-une","category-actualites","category-ccvg","category-enfance-jeunesse","tag-competences","tag-emploi","tag-inclusion","tag-jeunesse"],"yoast_head":"<!-- This site is optimized with the Yoast SEO plugin v27.5 - https:\/\/yoast.com\/product\/yoast-seo-wordpress\/ -->\n<title>L&#039;accueil des enfants porteurs de handicap et\/ou \u00e0 besoins sp\u00e9cifiques<\/title>\n<meta name=\"description\" content=\"L&#039;accueil des enfants porteurs de handicap et\/ou \u00e0 besoins sp\u00e9cifiques | CCVG | Du 01\/01\/2025 au 31\/12\/2027 Programme national FSE+\" \/>\n<meta name=\"robots\" content=\"index, follow, max-snippet:-1, max-image-preview:large, max-video-preview:-1\" \/>\n<link rel=\"canonical\" href=\"https:\/\/www.ccvalguiers.fr\/infos\/laccueil-des-enfants-porteurs-de-handicap-et-ou-a-besoins-specifiques\/\" \/>\n<meta property=\"og:locale\" content=\"fr_FR\" \/>\n<meta property=\"og:type\" content=\"article\" \/>\n<meta property=\"og:title\" content=\"L&#039;accueil des enfants porteurs de handicap et\/ou \u00e0 besoins sp\u00e9cifiques\" \/>\n<meta property=\"og:description\" content=\"L&#039;accueil des enfants porteurs de handicap et\/ou \u00e0 besoins sp\u00e9cifiques | CCVG | Du 01\/01\/2025 au 31\/12\/2027 Programme national FSE+\" \/>\n<meta property=\"og:url\" content=\"https:\/\/www.ccvalguiers.fr\/infos\/laccueil-des-enfants-porteurs-de-handicap-et-ou-a-besoins-specifiques\/\" \/>\n<meta property=\"og:site_name\" content=\"Communaut\u00e9 de Communes Val Guiers\" \/>\n<meta property=\"article:published_time\" content=\"2025-11-17T11:19:24+00:00\" \/>\n<meta property=\"article:modified_time\" content=\"2025-11-17T12:58:19+00:00\" \/>\n<meta property=\"og:image\" content=\"https:\/\/www.ccvalguiers.fr\/infos\/wp-content\/uploads\/2025\/11\/Image-de-Freepik-handicap-inclusion.jpg\" \/>\n\t<meta property=\"og:image:width\" content=\"2000\" \/>\n\t<meta property=\"og:image:height\" content=\"1333\" \/>\n\t<meta property=\"og:image:type\" content=\"image\/jpeg\" \/>\n<meta name=\"author\" content=\"CCVG Communication\" \/>\n<meta name=\"twitter:card\" content=\"summary_large_image\" \/>\n<meta name=\"twitter:label1\" content=\"\u00c9crit par\" \/>\n\t<meta name=\"twitter:data1\" content=\"CCVG Communication\" \/>\n\t<meta name=\"twitter:label2\" content=\"Dur\u00e9e de lecture estim\u00e9e\" \/>\n\t<meta name=\"twitter:data2\" content=\"3 minutes\" \/>\n<script type=\"application\/ld+json\" class=\"yoast-schema-graph\">{\"@context\":\"https:\\\/\\\/schema.org\",\"@graph\":[{\"@type\":\"Article\",\"@id\":\"https:\\\/\\\/www.ccvalguiers.fr\\\/infos\\\/laccueil-des-enfants-porteurs-de-handicap-et-ou-a-besoins-specifiques\\\/#article\",\"isPartOf\":{\"@id\":\"https:\\\/\\\/www.ccvalguiers.fr\\\/infos\\\/laccueil-des-enfants-porteurs-de-handicap-et-ou-a-besoins-specifiques\\\/\"},\"author\":{\"name\":\"CCVG Communication\",\"@id\":\"https:\\\/\\\/www.ccvalguiers.fr\\\/infos\\\/#\\\/schema\\\/person\\\/312dd681fd97e8ce529ca013498fa64e\"},\"headline\":\"L&rsquo;accueil des enfants porteurs de handicap et\\\/ou \u00e0 besoins sp\u00e9cifiques\",\"datePublished\":\"2025-11-17T11:19:24+00:00\",\"dateModified\":\"2025-11-17T12:58:19+00:00\",\"mainEntityOfPage\":{\"@id\":\"https:\\\/\\\/www.ccvalguiers.fr\\\/infos\\\/laccueil-des-enfants-porteurs-de-handicap-et-ou-a-besoins-specifiques\\\/\"},\"wordCount\":972,\"publisher\":{\"@id\":\"https:\\\/\\\/www.ccvalguiers.fr\\\/infos\\\/#organization\"},\"image\":{\"@id\":\"https:\\\/\\\/www.ccvalguiers.fr\\\/infos\\\/laccueil-des-enfants-porteurs-de-handicap-et-ou-a-besoins-specifiques\\\/#primaryimage\"},\"thumbnailUrl\":\"https:\\\/\\\/www.ccvalguiers.fr\\\/infos\\\/wp-content\\\/uploads\\\/2025\\\/11\\\/Image-de-Freepik-handicap-inclusion.jpg\",\"keywords\":[\"comp\u00e9tences\",\"emploi\",\"inclusion\",\"jeunesse\"],\"articleSection\":[\"A la Une\",\"Actualit\u00e9s\",\"ccvg\",\"Enfance \\\/ jeunesse\"],\"inLanguage\":\"fr-FR\"},{\"@type\":\"WebPage\",\"@id\":\"https:\\\/\\\/www.ccvalguiers.fr\\\/infos\\\/laccueil-des-enfants-porteurs-de-handicap-et-ou-a-besoins-specifiques\\\/\",\"url\":\"https:\\\/\\\/www.ccvalguiers.fr\\\/infos\\\/laccueil-des-enfants-porteurs-de-handicap-et-ou-a-besoins-specifiques\\\/\",\"name\":\"L'accueil des enfants porteurs de handicap et\\\/ou \u00e0 besoins sp\u00e9cifiques\",\"isPartOf\":{\"@id\":\"https:\\\/\\\/www.ccvalguiers.fr\\\/infos\\\/#website\"},\"primaryImageOfPage\":{\"@id\":\"https:\\\/\\\/www.ccvalguiers.fr\\\/infos\\\/laccueil-des-enfants-porteurs-de-handicap-et-ou-a-besoins-specifiques\\\/#primaryimage\"},\"image\":{\"@id\":\"https:\\\/\\\/www.ccvalguiers.fr\\\/infos\\\/laccueil-des-enfants-porteurs-de-handicap-et-ou-a-besoins-specifiques\\\/#primaryimage\"},\"thumbnailUrl\":\"https:\\\/\\\/www.ccvalguiers.fr\\\/infos\\\/wp-content\\\/uploads\\\/2025\\\/11\\\/Image-de-Freepik-handicap-inclusion.jpg\",\"datePublished\":\"2025-11-17T11:19:24+00:00\",\"dateModified\":\"2025-11-17T12:58:19+00:00\",\"description\":\"L'accueil des enfants porteurs de handicap et\\\/ou \u00e0 besoins sp\u00e9cifiques | CCVG | Du 01\\\/01\\\/2025 au 31\\\/12\\\/2027 Programme national FSE+\",\"breadcrumb\":{\"@id\":\"https:\\\/\\\/www.ccvalguiers.fr\\\/infos\\\/laccueil-des-enfants-porteurs-de-handicap-et-ou-a-besoins-specifiques\\\/#breadcrumb\"},\"inLanguage\":\"fr-FR\",\"potentialAction\":[{\"@type\":\"ReadAction\",\"target\":[\"https:\\\/\\\/www.ccvalguiers.fr\\\/infos\\\/laccueil-des-enfants-porteurs-de-handicap-et-ou-a-besoins-specifiques\\\/\"]}]},{\"@type\":\"ImageObject\",\"inLanguage\":\"fr-FR\",\"@id\":\"https:\\\/\\\/www.ccvalguiers.fr\\\/infos\\\/laccueil-des-enfants-porteurs-de-handicap-et-ou-a-besoins-specifiques\\\/#primaryimage\",\"url\":\"https:\\\/\\\/www.ccvalguiers.fr\\\/infos\\\/wp-content\\\/uploads\\\/2025\\\/11\\\/Image-de-Freepik-handicap-inclusion.jpg\",\"contentUrl\":\"https:\\\/\\\/www.ccvalguiers.fr\\\/infos\\\/wp-content\\\/uploads\\\/2025\\\/11\\\/Image-de-Freepik-handicap-inclusion.jpg\",\"width\":2000,\"height\":1333,\"caption\":\"Trois enfants qui font de l'art ensemble, dont un enfant qui est en situation de handicap. Image de Freepik\"},{\"@type\":\"BreadcrumbList\",\"@id\":\"https:\\\/\\\/www.ccvalguiers.fr\\\/infos\\\/laccueil-des-enfants-porteurs-de-handicap-et-ou-a-besoins-specifiques\\\/#breadcrumb\",\"itemListElement\":[{\"@type\":\"ListItem\",\"position\":1,\"name\":\"Accueil\",\"item\":\"https:\\\/\\\/www.ccvalguiers.fr\\\/infos\\\/\"},{\"@type\":\"ListItem\",\"position\":2,\"name\":\"Actualit\u00e9s\",\"item\":\"https:\\\/\\\/www.ccvalguiers.fr\\\/infos\\\/category\\\/actualites\\\/\"},{\"@type\":\"ListItem\",\"position\":3,\"name\":\"L&rsquo;accueil des enfants porteurs de handicap et\\\/ou \u00e0 besoins sp\u00e9cifiques\"}]},{\"@type\":\"WebSite\",\"@id\":\"https:\\\/\\\/www.ccvalguiers.fr\\\/infos\\\/#website\",\"url\":\"https:\\\/\\\/www.ccvalguiers.fr\\\/infos\\\/\",\"name\":\"Communaut\u00e9 de Communes Val Guiers\",\"description\":\"CCVG - Territoire de Val Guiers, de Pont-de-Beauvoisin \u00e0 Saint-Genix-les-Villages - 11 communes situ\u00e9es dans l&#039;Avant-Pays Savoyard\",\"publisher\":{\"@id\":\"https:\\\/\\\/www.ccvalguiers.fr\\\/infos\\\/#organization\"},\"alternateName\":\"CCVG\",\"potentialAction\":[{\"@type\":\"SearchAction\",\"target\":{\"@type\":\"EntryPoint\",\"urlTemplate\":\"https:\\\/\\\/www.ccvalguiers.fr\\\/infos\\\/?s={search_term_string}\"},\"query-input\":{\"@type\":\"PropertyValueSpecification\",\"valueRequired\":true,\"valueName\":\"search_term_string\"}}],\"inLanguage\":\"fr-FR\"},{\"@type\":\"Organization\",\"@id\":\"https:\\\/\\\/www.ccvalguiers.fr\\\/infos\\\/#organization\",\"name\":\"Communaut\u00e9 de Communes Val Guiers\",\"alternateName\":\"CCVG\",\"url\":\"https:\\\/\\\/www.ccvalguiers.fr\\\/infos\\\/\",\"logo\":{\"@type\":\"ImageObject\",\"inLanguage\":\"fr-FR\",\"@id\":\"https:\\\/\\\/www.ccvalguiers.fr\\\/infos\\\/#\\\/schema\\\/logo\\\/image\\\/\",\"url\":\"https:\\\/\\\/www.ccvalguiers.fr\\\/infos\\\/wp-content\\\/uploads\\\/2022\\\/07\\\/CC-Val-Guiers-logo-transp.png\",\"contentUrl\":\"https:\\\/\\\/www.ccvalguiers.fr\\\/infos\\\/wp-content\\\/uploads\\\/2022\\\/07\\\/CC-Val-Guiers-logo-transp.png\",\"width\":600,\"height\":602,\"caption\":\"Communaut\u00e9 de Communes Val Guiers\"},\"image\":{\"@id\":\"https:\\\/\\\/www.ccvalguiers.fr\\\/infos\\\/#\\\/schema\\\/logo\\\/image\\\/\"}},{\"@type\":\"Person\",\"@id\":\"https:\\\/\\\/www.ccvalguiers.fr\\\/infos\\\/#\\\/schema\\\/person\\\/312dd681fd97e8ce529ca013498fa64e\",\"name\":\"CCVG Communication\",\"image\":{\"@type\":\"ImageObject\",\"inLanguage\":\"fr-FR\",\"@id\":\"https:\\\/\\\/secure.gravatar.com\\\/avatar\\\/38c271b24d6e6c0662f7b82bee1f30d70b0bd7daead0cd89342c4e6a7509056f?s=96&d=mm&r=g\",\"url\":\"https:\\\/\\\/secure.gravatar.com\\\/avatar\\\/38c271b24d6e6c0662f7b82bee1f30d70b0bd7daead0cd89342c4e6a7509056f?s=96&d=mm&r=g\",\"contentUrl\":\"https:\\\/\\\/secure.gravatar.com\\\/avatar\\\/38c271b24d6e6c0662f7b82bee1f30d70b0bd7daead0cd89342c4e6a7509056f?s=96&d=mm&r=g\",\"caption\":\"CCVG Communication\"}}]}<\/script>\n<!-- \/ Yoast SEO plugin. -->","yoast_head_json":{"title":"L'accueil des enfants porteurs de handicap et\/ou \u00e0 besoins sp\u00e9cifiques","description":"L'accueil des enfants porteurs de handicap et\/ou \u00e0 besoins sp\u00e9cifiques | CCVG | Du 01\/01\/2025 au 31\/12\/2027 Programme national FSE+","robots":{"index":"index","follow":"follow","max-snippet":"max-snippet:-1","max-image-preview":"max-image-preview:large","max-video-preview":"max-video-preview:-1"},"canonical":"https:\/\/www.ccvalguiers.fr\/infos\/laccueil-des-enfants-porteurs-de-handicap-et-ou-a-besoins-specifiques\/","og_locale":"fr_FR","og_type":"article","og_title":"L'accueil des enfants porteurs de handicap et\/ou \u00e0 besoins sp\u00e9cifiques","og_description":"L'accueil des enfants porteurs de handicap et\/ou \u00e0 besoins sp\u00e9cifiques | CCVG | Du 01\/01\/2025 au 31\/12\/2027 Programme national FSE+","og_url":"https:\/\/www.ccvalguiers.fr\/infos\/laccueil-des-enfants-porteurs-de-handicap-et-ou-a-besoins-specifiques\/","og_site_name":"Communaut\u00e9 de Communes Val Guiers","article_published_time":"2025-11-17T11:19:24+00:00","article_modified_time":"2025-11-17T12:58:19+00:00","og_image":[{"width":2000,"height":1333,"url":"https:\/\/www.ccvalguiers.fr\/infos\/wp-content\/uploads\/2025\/11\/Image-de-Freepik-handicap-inclusion.jpg","type":"image\/jpeg"}],"author":"CCVG Communication","twitter_card":"summary_large_image","twitter_misc":{"\u00c9crit par":"CCVG Communication","Dur\u00e9e de lecture estim\u00e9e":"3 minutes"},"schema":{"@context":"https:\/\/schema.org","@graph":[{"@type":"Article","@id":"https:\/\/www.ccvalguiers.fr\/infos\/laccueil-des-enfants-porteurs-de-handicap-et-ou-a-besoins-specifiques\/#article","isPartOf":{"@id":"https:\/\/www.ccvalguiers.fr\/infos\/laccueil-des-enfants-porteurs-de-handicap-et-ou-a-besoins-specifiques\/"},"author":{"name":"CCVG Communication","@id":"https:\/\/www.ccvalguiers.fr\/infos\/#\/schema\/person\/312dd681fd97e8ce529ca013498fa64e"},"headline":"L&rsquo;accueil des enfants porteurs de handicap et\/ou \u00e0 besoins sp\u00e9cifiques","datePublished":"2025-11-17T11:19:24+00:00","dateModified":"2025-11-17T12:58:19+00:00","mainEntityOfPage":{"@id":"https:\/\/www.ccvalguiers.fr\/infos\/laccueil-des-enfants-porteurs-de-handicap-et-ou-a-besoins-specifiques\/"},"wordCount":972,"publisher":{"@id":"https:\/\/www.ccvalguiers.fr\/infos\/#organization"},"image":{"@id":"https:\/\/www.ccvalguiers.fr\/infos\/laccueil-des-enfants-porteurs-de-handicap-et-ou-a-besoins-specifiques\/#primaryimage"},"thumbnailUrl":"https:\/\/www.ccvalguiers.fr\/infos\/wp-content\/uploads\/2025\/11\/Image-de-Freepik-handicap-inclusion.jpg","keywords":["comp\u00e9tences","emploi","inclusion","jeunesse"],"articleSection":["A la Une","Actualit\u00e9s","ccvg","Enfance \/ jeunesse"],"inLanguage":"fr-FR"},{"@type":"WebPage","@id":"https:\/\/www.ccvalguiers.fr\/infos\/laccueil-des-enfants-porteurs-de-handicap-et-ou-a-besoins-specifiques\/","url":"https:\/\/www.ccvalguiers.fr\/infos\/laccueil-des-enfants-porteurs-de-handicap-et-ou-a-besoins-specifiques\/","name":"L'accueil des enfants porteurs de handicap et\/ou \u00e0 besoins sp\u00e9cifiques","isPartOf":{"@id":"https:\/\/www.ccvalguiers.fr\/infos\/#website"},"primaryImageOfPage":{"@id":"https:\/\/www.ccvalguiers.fr\/infos\/laccueil-des-enfants-porteurs-de-handicap-et-ou-a-besoins-specifiques\/#primaryimage"},"image":{"@id":"https:\/\/www.ccvalguiers.fr\/infos\/laccueil-des-enfants-porteurs-de-handicap-et-ou-a-besoins-specifiques\/#primaryimage"},"thumbnailUrl":"https:\/\/www.ccvalguiers.fr\/infos\/wp-content\/uploads\/2025\/11\/Image-de-Freepik-handicap-inclusion.jpg","datePublished":"2025-11-17T11:19:24+00:00","dateModified":"2025-11-17T12:58:19+00:00","description":"L'accueil des enfants porteurs de handicap et\/ou \u00e0 besoins sp\u00e9cifiques | CCVG | Du 01\/01\/2025 au 31\/12\/2027 Programme national FSE+","breadcrumb":{"@id":"https:\/\/www.ccvalguiers.fr\/infos\/laccueil-des-enfants-porteurs-de-handicap-et-ou-a-besoins-specifiques\/#breadcrumb"},"inLanguage":"fr-FR","potentialAction":[{"@type":"ReadAction","target":["https:\/\/www.ccvalguiers.fr\/infos\/laccueil-des-enfants-porteurs-de-handicap-et-ou-a-besoins-specifiques\/"]}]},{"@type":"ImageObject","inLanguage":"fr-FR","@id":"https:\/\/www.ccvalguiers.fr\/infos\/laccueil-des-enfants-porteurs-de-handicap-et-ou-a-besoins-specifiques\/#primaryimage","url":"https:\/\/www.ccvalguiers.fr\/infos\/wp-content\/uploads\/2025\/11\/Image-de-Freepik-handicap-inclusion.jpg","contentUrl":"https:\/\/www.ccvalguiers.fr\/infos\/wp-content\/uploads\/2025\/11\/Image-de-Freepik-handicap-inclusion.jpg","width":2000,"height":1333,"caption":"Trois enfants qui font de l'art ensemble, dont un enfant qui est en situation de handicap. Image de Freepik"},{"@type":"BreadcrumbList","@id":"https:\/\/www.ccvalguiers.fr\/infos\/laccueil-des-enfants-porteurs-de-handicap-et-ou-a-besoins-specifiques\/#breadcrumb","itemListElement":[{"@type":"ListItem","position":1,"name":"Accueil","item":"https:\/\/www.ccvalguiers.fr\/infos\/"},{"@type":"ListItem","position":2,"name":"Actualit\u00e9s","item":"https:\/\/www.ccvalguiers.fr\/infos\/category\/actualites\/"},{"@type":"ListItem","position":3,"name":"L&rsquo;accueil des enfants porteurs de handicap et\/ou \u00e0 besoins sp\u00e9cifiques"}]},{"@type":"WebSite","@id":"https:\/\/www.ccvalguiers.fr\/infos\/#website","url":"https:\/\/www.ccvalguiers.fr\/infos\/","name":"Communaut\u00e9 de Communes Val Guiers","description":"CCVG - Territoire de Val Guiers, de Pont-de-Beauvoisin \u00e0 Saint-Genix-les-Villages - 11 communes situ\u00e9es dans l&#039;Avant-Pays Savoyard","publisher":{"@id":"https:\/\/www.ccvalguiers.fr\/infos\/#organization"},"alternateName":"CCVG","potentialAction":[{"@type":"SearchAction","target":{"@type":"EntryPoint","urlTemplate":"https:\/\/www.ccvalguiers.fr\/infos\/?s={search_term_string}"},"query-input":{"@type":"PropertyValueSpecification","valueRequired":true,"valueName":"search_term_string"}}],"inLanguage":"fr-FR"},{"@type":"Organization","@id":"https:\/\/www.ccvalguiers.fr\/infos\/#organization","name":"Communaut\u00e9 de Communes Val Guiers","alternateName":"CCVG","url":"https:\/\/www.ccvalguiers.fr\/infos\/","logo":{"@type":"ImageObject","inLanguage":"fr-FR","@id":"https:\/\/www.ccvalguiers.fr\/infos\/#\/schema\/logo\/image\/","url":"https:\/\/www.ccvalguiers.fr\/infos\/wp-content\/uploads\/2022\/07\/CC-Val-Guiers-logo-transp.png","contentUrl":"https:\/\/www.ccvalguiers.fr\/infos\/wp-content\/uploads\/2022\/07\/CC-Val-Guiers-logo-transp.png","width":600,"height":602,"caption":"Communaut\u00e9 de Communes Val Guiers"},"image":{"@id":"https:\/\/www.ccvalguiers.fr\/infos\/#\/schema\/logo\/image\/"}},{"@type":"Person","@id":"https:\/\/www.ccvalguiers.fr\/infos\/#\/schema\/person\/312dd681fd97e8ce529ca013498fa64e","name":"CCVG Communication","image":{"@type":"ImageObject","inLanguage":"fr-FR","@id":"https:\/\/secure.gravatar.com\/avatar\/38c271b24d6e6c0662f7b82bee1f30d70b0bd7daead0cd89342c4e6a7509056f?s=96&d=mm&r=g","url":"https:\/\/secure.gravatar.com\/avatar\/38c271b24d6e6c0662f7b82bee1f30d70b0bd7daead0cd89342c4e6a7509056f?s=96&d=mm&r=g","contentUrl":"https:\/\/secure.gravatar.com\/avatar\/38c271b24d6e6c0662f7b82bee1f30d70b0bd7daead0cd89342c4e6a7509056f?s=96&d=mm&r=g","caption":"CCVG Communication"}}]}},"publishpress_future_action":{"enabled":false,"date":"2026-05-09 10:40:47","action":"change-status","newStatus":"draft","terms":[],"taxonomy":"category","extraData":[]},"publishpress_future_workflow_manual_trigger":{"enabledWorkflows":[]},"_links":{"self":[{"href":"https:\/\/www.ccvalguiers.fr\/infos\/wp-json\/wp\/v2\/posts\/7173","targetHints":{"allow":["GET"]}}],"collection":[{"href":"https:\/\/www.ccvalguiers.fr\/infos\/wp-json\/wp\/v2\/posts"}],"about":[{"href":"https:\/\/www.ccvalguiers.fr\/infos\/wp-json\/wp\/v2\/types\/post"}],"author":[{"embeddable":true,"href":"https:\/\/www.ccvalguiers.fr\/infos\/wp-json\/wp\/v2\/users\/5"}],"replies":[{"embeddable":true,"href":"https:\/\/www.ccvalguiers.fr\/infos\/wp-json\/wp\/v2\/comments?post=7173"}],"version-history":[{"count":6,"href":"https:\/\/www.ccvalguiers.fr\/infos\/wp-json\/wp\/v2\/posts\/7173\/revisions"}],"predecessor-version":[{"id":7186,"href":"https:\/\/www.ccvalguiers.fr\/infos\/wp-json\/wp\/v2\/posts\/7173\/revisions\/7186"}],"wp:featuredmedia":[{"embeddable":true,"href":"https:\/\/www.ccvalguiers.fr\/infos\/wp-json\/wp\/v2\/media\/7180"}],"wp:attachment":[{"href":"https:\/\/www.ccvalguiers.fr\/infos\/wp-json\/wp\/v2\/media?parent=7173"}],"wp:term":[{"taxonomy":"category","embeddable":true,"href":"https:\/\/www.ccvalguiers.fr\/infos\/wp-json\/wp\/v2\/categories?post=7173"},{"taxonomy":"post_tag","embeddable":true,"href":"https:\/\/www.ccvalguiers.fr\/infos\/wp-json\/wp\/v2\/tags?post=7173"}],"curies":[{"name":"wp","href":"https:\/\/api.w.org\/{rel}","templated":true}]}}