{"id":7494,"date":"2026-01-26T14:42:23","date_gmt":"2026-01-26T13:42:23","guid":{"rendered":"https:\/\/www.ccvalguiers.fr\/infos\/?p=7494"},"modified":"2026-02-11T15:15:33","modified_gmt":"2026-02-11T14:15:33","slug":"point-ecoute-en-savoie","status":"publish","type":"post","link":"https:\/\/www.ccvalguiers.fr\/infos\/point-ecoute-en-savoie\/","title":{"rendered":"Point \u00e9coute en Savoie"},"content":{"rendered":"<p>[et_pb_section fb_built=\u00a0\u00bb1&Prime; _builder_version=\u00a0\u00bb4.27.4&Prime; _module_preset=\u00a0\u00bbdefault\u00a0\u00bb background_color=\u00a0\u00bbRGBA(255,255,255,0)\u00a0\u00bb width=\u00a0\u00bb100%\u00a0\u00bb max_width=\u00a0\u00bb100%\u00a0\u00bb module_alignment=\u00a0\u00bbcenter\u00a0\u00bb custom_margin=\u00a0\u00bb0px||0px||false|false\u00a0\u00bb custom_padding=\u00a0\u00bb0px||0px||false|false\u00a0\u00bb locked=\u00a0\u00bboff\u00a0\u00bb global_colors_info=\u00a0\u00bb{}\u00a0\u00bb][et_pb_row column_structure=\u00a0\u00bb3_5,1_5,1_5&Prime; use_custom_gutter=\u00a0\u00bbon\u00a0\u00bb gutter_width=\u00a0\u00bb1&Prime; make_equal=\u00a0\u00bbon\u00a0\u00bb _builder_version=\u00a0\u00bb4.27.4&Prime; _module_preset=\u00a0\u00bbdefault\u00a0\u00bb width=\u00a0\u00bb100%\u00a0\u00bb custom_padding=\u00a0\u00bb0px||0px||false|false\u00a0\u00bb global_colors_info=\u00a0\u00bb{}\u00a0\u00bb][et_pb_column type=\u00a0\u00bb3_5&Prime; _builder_version=\u00a0\u00bb4.21.0&Prime; _module_preset=\u00a0\u00bbdefault\u00a0\u00bb global_colors_info=\u00a0\u00bb{}\u00a0\u00bb][et_pb_text _builder_version=\u00a0\u00bb4.27.4&Prime; _module_preset=\u00a0\u00bbdefault\u00a0\u00bb text_orientation=\u00a0\u00bbjustified\u00a0\u00bb custom_margin=\u00a0\u00bb0px||0px||false|false\u00a0\u00bb custom_padding=\u00a0\u00bb||10px||false|false\u00a0\u00bb hover_enabled=\u00a0\u00bb0&Prime; global_colors_info=\u00a0\u00bb{}\u00a0\u00bb sticky_enabled=\u00a0\u00bb0&Prime;]<\/p>\n<p><strong>Le Point \u00e9coute est un nouveau service propos\u00e9 sur le territoire qui permet de proposer une \u00e9coute, un accueil et une orientation aux jeunes de 10 \u00e0 25 ans, aux parents d\u2019ados et aux familles.<\/strong><\/p>\n<p>[\/et_pb_text][et_pb_text _builder_version=\u00a0\u00bb4.27.4&Prime; _module_preset=\u00a0\u00bbdefault\u00a0\u00bb link_font=\u00a0\u00bb||||on||||\u00a0\u00bb link_text_color=\u00a0\u00bb#0C424A\u00a0\u00bb text_orientation=\u00a0\u00bbjustified\u00a0\u00bb global_colors_info=\u00a0\u00bb{}\u00a0\u00bb link_text_color__hover_enabled=\u00a0\u00bbon|hover\u00a0\u00bb link_text_color__hover=\u00a0\u00bb#67BFBF\u00a0\u00bb]<\/p>\n<p><strong>P<\/strong><strong>our qui ?\u00a0<\/strong><strong><\/strong><\/p>\n<p>Pour les jeunes, les parents et les familles qui rencontrent des difficult\u00e9s relationnelles, sont pr\u00e9occup\u00e9s par les prises de risque, sont en rupture de dialogue, souhaitent rompre un isolement.<\/p>\n<p>[\/et_pb_text][et_pb_text _builder_version=\u00a0\u00bb4.27.4&Prime; _module_preset=\u00a0\u00bbdefault\u00a0\u00bb global_colors_info=\u00a0\u00bb{}\u00a0\u00bb]<\/p>\n<p><strong>Pour quoi ?\u00a0<\/strong><\/p>\n<p><strong>Se poser :<\/strong> souffler quand c\u2019est trop dur, quand cela va trop vite, faire un pas de c\u00f4t\u00e9.<\/p>\n<p><strong>Se penser :<\/strong> comprendre, clarifier sa situation, exprimer son v\u00e9cu et son ressenti.<\/p>\n<p><strong>Se dire :<\/strong> mettre des mots sur ce qui fait mal, ce qui interroge.<\/p>\n<p>[\/et_pb_text][et_pb_code _builder_version=\u00a0\u00bb4.27.4&Prime; _module_preset=\u00a0\u00bbdefault\u00a0\u00bb global_colors_info=\u00a0\u00bb{}\u00a0\u00bb][\/et_pb_code][et_pb_code _builder_version=\u00a0\u00bb4.27.4&Prime; _module_preset=\u00a0\u00bbdefault\u00a0\u00bb global_colors_info=\u00a0\u00bb{}\u00a0\u00bb][\/et_pb_code][et_pb_text _builder_version=\u00a0\u00bb4.27.4&Prime; _module_preset=\u00a0\u00bbdefault\u00a0\u00bb hover_enabled=\u00a0\u00bb0&Prime; global_colors_info=\u00a0\u00bb{}\u00a0\u00bb sticky_enabled=\u00a0\u00bb0&Prime;]<\/p>\n<p><strong>Comment ?<\/strong><\/p>\n<p>L&rsquo;accueil : sous forme d\u2019entretiens <strong>gratuits, confidentiels <\/strong>et\u00a0individuels et\/ou familiaux pratiqu\u00e9s par un bin\u00f4me de professionnels form\u00e9s.<\/p>\n<p>Un accueil adapt\u00e9 et de proximit\u00e9 leur est propos\u00e9 (un rendez-vous dans les 15 jours).<\/p>\n<p>[\/et_pb_text][et_pb_text _builder_version=\u00a0\u00bb4.27.4&Prime; _module_preset=\u00a0\u00bbdefault\u00a0\u00bb hover_enabled=\u00a0\u00bb0&Prime; global_colors_info=\u00a0\u00bb{}\u00a0\u00bb sticky_enabled=\u00a0\u00bb0&Prime;]<\/p>\n<h3><strong>Contacter votre Point Ecoute<\/strong><\/h3>\n<p>Pour prendre rendez-vous, un seul num\u00e9ro : <strong>06 15 27 74 88<\/strong><\/p>\n<p><strong>Permanence t\u00e9l\u00e9phonique :<\/strong> du lundi au jeudi de 9h \u00e0 17h. Vendredi de 9h \u00e0 12h. En dehors des permanences t\u00e9l\u00e9phoniques, laissez un message afin d\u2019\u00eatre recontact\u00e9.<\/p>\n<p><strong>O\u00f9 en Val Guiers ?<\/strong><br \/>Entretien : Camping-car stationn\u00e9 \u00e0 proximit\u00e9 du coll\u00e8ge de Saint-Genix-sur-Guiers ou<br \/>rendez-vous mobile.<\/p>\n<p>[\/et_pb_text][et_pb_divider show_divider=\u00a0\u00bboff\u00a0\u00bb _builder_version=\u00a0\u00bb4.27.4&Prime; _module_preset=\u00a0\u00bbdefault\u00a0\u00bb global_colors_info=\u00a0\u00bb{}\u00a0\u00bb][\/et_pb_divider][et_pb_button button_url=\u00a0\u00bbhttps:\/\/www.ccvalguiers.fr\/infos\/wp-content\/uploads\/2026\/01\/Point-Ecoute-Aix-APS-2025.pdf\u00a0\u00bb url_new_window=\u00a0\u00bbon\u00a0\u00bb button_text=\u00a0\u00bbPlaquette du Point \u00e9coute en Avant-Pays-Savoyard\u00a0\u00bb button_alignment=\u00a0\u00bbcenter\u00a0\u00bb _builder_version=\u00a0\u00bb4.27.4&Prime; _module_preset=\u00a0\u00bbdefault\u00a0\u00bb global_colors_info=\u00a0\u00bb{}\u00a0\u00bb][\/et_pb_button][et_pb_divider show_divider=\u00a0\u00bboff\u00a0\u00bb _builder_version=\u00a0\u00bb4.27.4&Prime; _module_preset=\u00a0\u00bbdefault\u00a0\u00bb global_colors_info=\u00a0\u00bb{}\u00a0\u00bb][\/et_pb_divider][et_pb_image src=\u00a0\u00bbhttps:\/\/www.ccvalguiers.fr\/infos\/wp-content\/uploads\/2026\/01\/Capture-decran-2026-01-26-144245.png\u00a0\u00bb title_text=\u00a0\u00bbAffiche point \u00e9coute D\u00e9partement Savoie La Sauvegarde de Savoie\u00a0\u00bb _builder_version=\u00a0\u00bb4.27.4&Prime; _module_preset=\u00a0\u00bbdefault\u00a0\u00bb width=\u00a0\u00bb63%\u00a0\u00bb module_alignment=\u00a0\u00bbcenter\u00a0\u00bb global_colors_info=\u00a0\u00bb{}\u00a0\u00bb][\/et_pb_image][et_pb_divider show_divider=\u00a0\u00bboff\u00a0\u00bb _builder_version=\u00a0\u00bb4.27.4&Prime; _module_preset=\u00a0\u00bbdefault\u00a0\u00bb global_colors_info=\u00a0\u00bb{}\u00a0\u00bb][\/et_pb_divider][et_pb_text _builder_version=\u00a0\u00bb4.27.4&Prime; _module_preset=\u00a0\u00bbdefault\u00a0\u00bb global_colors_info=\u00a0\u00bb{}\u00a0\u00bb]<\/p>\n<p><strong>Le point \u00e9coute est un service du dispositif pr\u00e9vention de la <a href=\"https:\/\/sauvegarde2savoie.fr\/services\/point-ecoute\" target=\"_blank\" rel=\"noopener\">Sauvegarde de l\u2019enfance<\/a>, mis en oeuvre en partenariat avec le <a href=\"https:\/\/levaldecrene.com\/\" target=\"_blank\" rel=\"noopener\">Val de Cr\u00eane<\/a>, financ\u00e9 par le <a href=\"https:\/\/www.savoie.fr\/web\/sw_136342\/points-ecoute-familles-parents-jeunes-en-savoie\" target=\"_blank\" rel=\"noopener\">D\u00e9partement de la Savoie<\/a> et la <a href=\"https:\/\/www.caf.fr\/\" target=\"_blank\" rel=\"noopener\">Caisse d&rsquo;allocations familiales<\/a>, avec le soutien de nombreuses intercommunalit\u00e9s, communes, associations et diff\u00e9rents \u00e9tablissements scolaires dont la Communaut\u00e9 de communes Val Guiers.\u00a0<\/strong><\/p>\n<p>[\/et_pb_text][et_pb_text _builder_version=\u00a0\u00bb4.27.4&Prime; _module_preset=\u00a0\u00bbdefault\u00a0\u00bb global_colors_info=\u00a0\u00bb{}\u00a0\u00bb]<\/p>\n<p>Aur\u00e9lie Barrallon<br \/>Cheffe de service Point \u00c9coute Ecoutilles.<br \/>T\u00e9lephone : 06 64 80 22 86<br \/>Contact mail : aurelie.barrallon@valdecrene.fr<\/p>\n<p><img loading=\"lazy\" decoding=\"async\" src=\"https:\/\/www.ccvalguiers.fr\/infos\/wp-content\/uploads\/2026\/01\/logo-val-de-crene.jpeg\" width=\"138\" height=\"73\" alt=\"\" class=\"wp-image-7501 alignnone size-full\" \/><\/p>\n<p>Nathalie Leleu<br \/>D\u00e9l\u00e9gu\u00e9e d\u00e9partemental PAEJ.<br \/>T\u00e9l\u00e9phone : 06 08 55 53 33<br \/>Contact mail : n.leleu@sauvegarde2savoie.fr<\/p>\n<p><img loading=\"lazy\" decoding=\"async\" src=\"https:\/\/www.ccvalguiers.fr\/infos\/wp-content\/uploads\/2026\/01\/logo-sauvegarde2savoie.svg\" width=\"186\" height=\"70\" alt=\"\" class=\"wp-image-7502 alignnone size-full\" \/><\/p>\n<p>[\/et_pb_text][\/et_pb_column][et_pb_column type=\u00a0\u00bb1_5&Prime; _builder_version=\u00a0\u00bb4.21.0&Prime; _module_preset=\u00a0\u00bbdefault\u00a0\u00bb global_colors_info=\u00a0\u00bb{}\u00a0\u00bb][\/et_pb_column][et_pb_column type=\u00a0\u00bb1_5&Prime; _builder_version=\u00a0\u00bb4.21.0&Prime; _module_preset=\u00a0\u00bbdefault\u00a0\u00bb global_colors_info=\u00a0\u00bb{}\u00a0\u00bb][et_pb_blurb title=\u00a0\u00bbLiens utiles\u00a0\u00bb use_icon=\u00a0\u00bbon\u00a0\u00bb font_icon=\u00a0\u00bb&#xf2f6;||fa||900&Prime; icon_color=\u00a0\u00bb#67BFBF\u00a0\u00bb image_icon_background_color=\u00a0\u00bbRGBA(255,255,255,0)\u00a0\u00bb icon_placement=\u00a0\u00bbleft\u00a0\u00bb image_icon_width=\u00a0\u00bb35px\u00a0\u00bb _builder_version=\u00a0\u00bb4.27.2&Prime; _module_preset=\u00a0\u00bbdefault\u00a0\u00bb header_font=\u00a0\u00bb|600|||||||\u00a0\u00bb header_text_color=\u00a0\u00bb#0C424A\u00a0\u00bb header_font_size=\u00a0\u00bb15px\u00a0\u00bb body_text_color=\u00a0\u00bb#0C424A\u00a0\u00bb body_font_size=\u00a0\u00bb14px\u00a0\u00bb body_line_height=\u00a0\u00bb1.3em\u00a0\u00bb body_link_text_color=\u00a0\u00bb#0C424A\u00a0\u00bb body_link_font_size=\u00a0\u00bb14px\u00a0\u00bb image_icon_custom_margin=\u00a0\u00bb0px||0px||false|false\u00a0\u00bb image_icon_custom_padding=\u00a0\u00bb10px||10px|16px|false|false\u00a0\u00bb custom_margin=\u00a0\u00bb0px||0px||false|false\u00a0\u00bb custom_margin_tablet=\u00a0\u00bb0px||||false|false\u00a0\u00bb custom_margin_phone=\u00a0\u00bb0px||||false|false\u00a0\u00bb custom_margin_last_edited=\u00a0\u00bbon|phone\u00a0\u00bb custom_padding=\u00a0\u00bb10px||10px||false|false\u00a0\u00bb animation_style=\u00a0\u00bbfade\u00a0\u00bb border_color_all=\u00a0\u00bb#0C424A\u00a0\u00bb border_width_left=\u00a0\u00bb5px\u00a0\u00bb border_color_left_image=\u00a0\u00bb#E51A2F\u00a0\u00bb global_module=\u00a0\u00bb4739&Prime; saved_tabs=\u00a0\u00bball\u00a0\u00bb locked=\u00a0\u00bboff\u00a0\u00bb global_colors_info=\u00a0\u00bb{}\u00a0\u00bb body_link_text_color__hover_enabled=\u00a0\u00bbon|desktop\u00a0\u00bb body_link_text_color__hover=\u00a0\u00bb#E51A2F\u00a0\u00bb][\/et_pb_blurb][et_pb_cta title=\u00a0\u00bbL&rsquo;actu de la CCVG sur votre smartphone ou votre ordinateur\u00a0\u00bb button_url=\u00a0\u00bbhttps:\/\/app.panneaupocket.com\/\u00a0\u00bb url_new_window=\u00a0\u00bbon\u00a0\u00bb button_text=\u00a0\u00bbEn savoir +\u00a0\u00bb _builder_version=\u00a0\u00bb4.27.2&Prime; _module_preset=\u00a0\u00bbdefault\u00a0\u00bb header_font=\u00a0\u00bb|800|||||||\u00a0\u00bb header_text_align=\u00a0\u00bbcenter\u00a0\u00bb header_text_color=\u00a0\u00bb#0C424A\u00a0\u00bb header_font_size=\u00a0\u00bb15px\u00a0\u00bb header_line_height=\u00a0\u00bb1.3em\u00a0\u00bb body_text_color=\u00a0\u00bb#0C424A\u00a0\u00bb background_color=\u00a0\u00bb#FFFFFF\u00a0\u00bb custom_button=\u00a0\u00bbon\u00a0\u00bb button_text_size=\u00a0\u00bb12px\u00a0\u00bb button_bg_color=\u00a0\u00bb#0C424A\u00a0\u00bb button_border_radius=\u00a0\u00bb0px\u00a0\u00bb custom_margin=\u00a0\u00bb0px|0px|0px|0px|false|false\u00a0\u00bb custom_padding=\u00a0\u00bb|15px|||false|false\u00a0\u00bb animation_style=\u00a0\u00bbfade\u00a0\u00bb animation_direction=\u00a0\u00bbtop\u00a0\u00bb animation_duration=\u00a0\u00bb1400ms\u00a0\u00bb border_color_all=\u00a0\u00bb#0C424A\u00a0\u00bb border_style_all=\u00a0\u00bbdotted\u00a0\u00bb border_width_left=\u00a0\u00bb5px\u00a0\u00bb border_style_left=\u00a0\u00bbsolid\u00a0\u00bb box_shadow_style=\u00a0\u00bbpreset1&Prime; box_shadow_color=\u00a0\u00bbrgba(0,0,0,0.12)\u00a0\u00bb global_module=\u00a0\u00bb4740&Prime; locked=\u00a0\u00bboff\u00a0\u00bb global_colors_info=\u00a0\u00bb{}\u00a0\u00bb button_bg_color__hover_enabled=\u00a0\u00bbon|hover\u00a0\u00bb button_bg_color__hover=\u00a0\u00bb#E51A2F\u00a0\u00bb button_bg_enable_color__hover=\u00a0\u00bbon\u00a0\u00bb]<\/p>\n<p style=\"text-align: center;\"><img loading=\"lazy\" decoding=\"async\" src=\"https:\/\/www.ccvalguiers.fr\/infos\/wp-content\/uploads\/2022\/07\/panneaupocket.jpg\" width=\"1064\" height=\"204\" alt=\"panneaupocket\" class=\"wp-image-307 aligncenter size-full\" srcset=\"https:\/\/www.ccvalguiers.fr\/infos\/wp-content\/uploads\/2022\/07\/panneaupocket.jpg 1064w, https:\/\/www.ccvalguiers.fr\/infos\/wp-content\/uploads\/2022\/07\/panneaupocket-980x188.jpg 980w, https:\/\/www.ccvalguiers.fr\/infos\/wp-content\/uploads\/2022\/07\/panneaupocket-480x92.jpg 480w\" sizes=\"(min-width: 0px) and (max-width: 480px) 480px, (min-width: 481px) and (max-width: 980px) 980px, (min-width: 981px) 1064px, 100vw\" \/><\/p>\n<p>[\/et_pb_cta][\/et_pb_column][\/et_pb_row][\/et_pb_section]<\/p>\n","protected":false},"excerpt":{"rendered":"<p>Le Point \u00e9coute est un nouveau service propos\u00e9 sur le territoire qui permet de proposer une \u00e9coute, un accueil et une orientation aux jeunes de 10 \u00e0 25 ans, aux parents d\u2019ados et aux familles.Pour qui ?\u00a0 Pour les jeunes, les parents et les familles qui rencontrent des difficult\u00e9s relationnelles, sont pr\u00e9occup\u00e9s par les prises [&hellip;]<\/p>\n","protected":false},"author":5,"featured_media":7495,"comment_status":"closed","ping_status":"closed","sticky":false,"template":"","format":"standard","meta":{"_et_pb_use_builder":"on","_et_pb_old_content":"","_et_gb_content_width":"1080","footnotes":""},"categories":[32,31,1,11],"tags":[],"class_list":["post-7494","post","type-post","status-publish","format-standard","has-post-thumbnail","hentry","category-a-la-une","category-actualites","category-ccvg","category-enfance-jeunesse"],"yoast_head":"<!-- This site is optimized with the Yoast SEO plugin v27.4 - https:\/\/yoast.com\/product\/yoast-seo-wordpress\/ -->\n<title>Point \u00e9coute en Savoie<\/title>\n<meta name=\"description\" content=\"Point \u00e9coute en Savoie | CCVG | Proposer une \u00e9coute, un accueil et une orientation des jeunes de 10 \u00e0 25 ans.\" \/>\n<meta name=\"robots\" content=\"index, follow, max-snippet:-1, max-image-preview:large, max-video-preview:-1\" \/>\n<link rel=\"canonical\" href=\"https:\/\/www.ccvalguiers.fr\/infos\/point-ecoute-en-savoie\/\" \/>\n<meta property=\"og:locale\" content=\"fr_FR\" \/>\n<meta property=\"og:type\" content=\"article\" \/>\n<meta property=\"og:title\" content=\"Point \u00e9coute en Savoie\" \/>\n<meta property=\"og:description\" content=\"Point \u00e9coute en Savoie | CCVG | Proposer une \u00e9coute, un accueil et une orientation des jeunes de 10 \u00e0 25 ans.\" \/>\n<meta property=\"og:url\" content=\"https:\/\/www.ccvalguiers.fr\/infos\/point-ecoute-en-savoie\/\" \/>\n<meta property=\"og:site_name\" content=\"Communaut\u00e9 de Communes Val Guiers\" \/>\n<meta property=\"article:published_time\" content=\"2026-01-26T13:42:23+00:00\" \/>\n<meta property=\"article:modified_time\" content=\"2026-02-11T14:15:33+00:00\" \/>\n<meta property=\"og:image\" content=\"https:\/\/www.ccvalguiers.fr\/infos\/wp-content\/uploads\/2026\/01\/Capture-decran-2026-01-26-122809.png\" \/>\n\t<meta property=\"og:image:width\" content=\"492\" \/>\n\t<meta property=\"og:image:height\" content=\"393\" \/>\n\t<meta property=\"og:image:type\" content=\"image\/png\" \/>\n<meta name=\"author\" content=\"CCVG Communication\" \/>\n<meta name=\"twitter:card\" content=\"summary_large_image\" \/>\n<meta name=\"twitter:label1\" content=\"\u00c9crit par\" \/>\n\t<meta name=\"twitter:data1\" content=\"CCVG Communication\" \/>\n\t<meta name=\"twitter:label2\" content=\"Dur\u00e9e de lecture estim\u00e9e\" \/>\n\t<meta name=\"twitter:data2\" content=\"3 minutes\" \/>\n<script type=\"application\/ld+json\" class=\"yoast-schema-graph\">{\"@context\":\"https:\\\/\\\/schema.org\",\"@graph\":[{\"@type\":\"Article\",\"@id\":\"https:\\\/\\\/www.ccvalguiers.fr\\\/infos\\\/point-ecoute-en-savoie\\\/#article\",\"isPartOf\":{\"@id\":\"https:\\\/\\\/www.ccvalguiers.fr\\\/infos\\\/point-ecoute-en-savoie\\\/\"},\"author\":{\"name\":\"CCVG Communication\",\"@id\":\"https:\\\/\\\/www.ccvalguiers.fr\\\/infos\\\/#\\\/schema\\\/person\\\/312dd681fd97e8ce529ca013498fa64e\"},\"headline\":\"Point \u00e9coute en Savoie\",\"datePublished\":\"2026-01-26T13:42:23+00:00\",\"dateModified\":\"2026-02-11T14:15:33+00:00\",\"mainEntityOfPage\":{\"@id\":\"https:\\\/\\\/www.ccvalguiers.fr\\\/infos\\\/point-ecoute-en-savoie\\\/\"},\"wordCount\":1051,\"publisher\":{\"@id\":\"https:\\\/\\\/www.ccvalguiers.fr\\\/infos\\\/#organization\"},\"image\":{\"@id\":\"https:\\\/\\\/www.ccvalguiers.fr\\\/infos\\\/point-ecoute-en-savoie\\\/#primaryimage\"},\"thumbnailUrl\":\"https:\\\/\\\/www.ccvalguiers.fr\\\/infos\\\/wp-content\\\/uploads\\\/2026\\\/01\\\/Capture-decran-2026-01-26-122809.png\",\"articleSection\":[\"A la Une\",\"Actualit\u00e9s\",\"ccvg\",\"Enfance \\\/ jeunesse\"],\"inLanguage\":\"fr-FR\"},{\"@type\":\"WebPage\",\"@id\":\"https:\\\/\\\/www.ccvalguiers.fr\\\/infos\\\/point-ecoute-en-savoie\\\/\",\"url\":\"https:\\\/\\\/www.ccvalguiers.fr\\\/infos\\\/point-ecoute-en-savoie\\\/\",\"name\":\"Point \u00e9coute en Savoie\",\"isPartOf\":{\"@id\":\"https:\\\/\\\/www.ccvalguiers.fr\\\/infos\\\/#website\"},\"primaryImageOfPage\":{\"@id\":\"https:\\\/\\\/www.ccvalguiers.fr\\\/infos\\\/point-ecoute-en-savoie\\\/#primaryimage\"},\"image\":{\"@id\":\"https:\\\/\\\/www.ccvalguiers.fr\\\/infos\\\/point-ecoute-en-savoie\\\/#primaryimage\"},\"thumbnailUrl\":\"https:\\\/\\\/www.ccvalguiers.fr\\\/infos\\\/wp-content\\\/uploads\\\/2026\\\/01\\\/Capture-decran-2026-01-26-122809.png\",\"datePublished\":\"2026-01-26T13:42:23+00:00\",\"dateModified\":\"2026-02-11T14:15:33+00:00\",\"description\":\"Point \u00e9coute en Savoie | CCVG | Proposer une \u00e9coute, un accueil et une orientation des jeunes de 10 \u00e0 25 ans.\",\"breadcrumb\":{\"@id\":\"https:\\\/\\\/www.ccvalguiers.fr\\\/infos\\\/point-ecoute-en-savoie\\\/#breadcrumb\"},\"inLanguage\":\"fr-FR\",\"potentialAction\":[{\"@type\":\"ReadAction\",\"target\":[\"https:\\\/\\\/www.ccvalguiers.fr\\\/infos\\\/point-ecoute-en-savoie\\\/\"]}]},{\"@type\":\"ImageObject\",\"inLanguage\":\"fr-FR\",\"@id\":\"https:\\\/\\\/www.ccvalguiers.fr\\\/infos\\\/point-ecoute-en-savoie\\\/#primaryimage\",\"url\":\"https:\\\/\\\/www.ccvalguiers.fr\\\/infos\\\/wp-content\\\/uploads\\\/2026\\\/01\\\/Capture-decran-2026-01-26-122809.png\",\"contentUrl\":\"https:\\\/\\\/www.ccvalguiers.fr\\\/infos\\\/wp-content\\\/uploads\\\/2026\\\/01\\\/Capture-decran-2026-01-26-122809.png\",\"width\":492,\"height\":393},{\"@type\":\"BreadcrumbList\",\"@id\":\"https:\\\/\\\/www.ccvalguiers.fr\\\/infos\\\/point-ecoute-en-savoie\\\/#breadcrumb\",\"itemListElement\":[{\"@type\":\"ListItem\",\"position\":1,\"name\":\"Accueil\",\"item\":\"https:\\\/\\\/www.ccvalguiers.fr\\\/infos\\\/\"},{\"@type\":\"ListItem\",\"position\":2,\"name\":\"Actualit\u00e9s\",\"item\":\"https:\\\/\\\/www.ccvalguiers.fr\\\/infos\\\/category\\\/actualites\\\/\"},{\"@type\":\"ListItem\",\"position\":3,\"name\":\"Point \u00e9coute en Savoie\"}]},{\"@type\":\"WebSite\",\"@id\":\"https:\\\/\\\/www.ccvalguiers.fr\\\/infos\\\/#website\",\"url\":\"https:\\\/\\\/www.ccvalguiers.fr\\\/infos\\\/\",\"name\":\"Communaut\u00e9 de Communes Val Guiers\",\"description\":\"CCVG - Territoire de Val Guiers, de Pont-de-Beauvoisin \u00e0 Saint-Genix-les-Villages - 11 communes situ\u00e9es dans l&#039;Avant-Pays Savoyard\",\"publisher\":{\"@id\":\"https:\\\/\\\/www.ccvalguiers.fr\\\/infos\\\/#organization\"},\"alternateName\":\"CCVG\",\"potentialAction\":[{\"@type\":\"SearchAction\",\"target\":{\"@type\":\"EntryPoint\",\"urlTemplate\":\"https:\\\/\\\/www.ccvalguiers.fr\\\/infos\\\/?s={search_term_string}\"},\"query-input\":{\"@type\":\"PropertyValueSpecification\",\"valueRequired\":true,\"valueName\":\"search_term_string\"}}],\"inLanguage\":\"fr-FR\"},{\"@type\":\"Organization\",\"@id\":\"https:\\\/\\\/www.ccvalguiers.fr\\\/infos\\\/#organization\",\"name\":\"Communaut\u00e9 de Communes Val Guiers\",\"alternateName\":\"CCVG\",\"url\":\"https:\\\/\\\/www.ccvalguiers.fr\\\/infos\\\/\",\"logo\":{\"@type\":\"ImageObject\",\"inLanguage\":\"fr-FR\",\"@id\":\"https:\\\/\\\/www.ccvalguiers.fr\\\/infos\\\/#\\\/schema\\\/logo\\\/image\\\/\",\"url\":\"https:\\\/\\\/www.ccvalguiers.fr\\\/infos\\\/wp-content\\\/uploads\\\/2022\\\/07\\\/CC-Val-Guiers-logo-transp.png\",\"contentUrl\":\"https:\\\/\\\/www.ccvalguiers.fr\\\/infos\\\/wp-content\\\/uploads\\\/2022\\\/07\\\/CC-Val-Guiers-logo-transp.png\",\"width\":600,\"height\":602,\"caption\":\"Communaut\u00e9 de Communes Val Guiers\"},\"image\":{\"@id\":\"https:\\\/\\\/www.ccvalguiers.fr\\\/infos\\\/#\\\/schema\\\/logo\\\/image\\\/\"}},{\"@type\":\"Person\",\"@id\":\"https:\\\/\\\/www.ccvalguiers.fr\\\/infos\\\/#\\\/schema\\\/person\\\/312dd681fd97e8ce529ca013498fa64e\",\"name\":\"CCVG Communication\",\"image\":{\"@type\":\"ImageObject\",\"inLanguage\":\"fr-FR\",\"@id\":\"https:\\\/\\\/secure.gravatar.com\\\/avatar\\\/38c271b24d6e6c0662f7b82bee1f30d70b0bd7daead0cd89342c4e6a7509056f?s=96&d=mm&r=g\",\"url\":\"https:\\\/\\\/secure.gravatar.com\\\/avatar\\\/38c271b24d6e6c0662f7b82bee1f30d70b0bd7daead0cd89342c4e6a7509056f?s=96&d=mm&r=g\",\"contentUrl\":\"https:\\\/\\\/secure.gravatar.com\\\/avatar\\\/38c271b24d6e6c0662f7b82bee1f30d70b0bd7daead0cd89342c4e6a7509056f?s=96&d=mm&r=g\",\"caption\":\"CCVG Communication\"}}]}<\/script>\n<!-- \/ Yoast SEO plugin. -->","yoast_head_json":{"title":"Point \u00e9coute en Savoie","description":"Point \u00e9coute en Savoie | CCVG | Proposer une \u00e9coute, un accueil et une orientation des jeunes de 10 \u00e0 25 ans.","robots":{"index":"index","follow":"follow","max-snippet":"max-snippet:-1","max-image-preview":"max-image-preview:large","max-video-preview":"max-video-preview:-1"},"canonical":"https:\/\/www.ccvalguiers.fr\/infos\/point-ecoute-en-savoie\/","og_locale":"fr_FR","og_type":"article","og_title":"Point \u00e9coute en Savoie","og_description":"Point \u00e9coute en Savoie | CCVG | Proposer une \u00e9coute, un accueil et une orientation des jeunes de 10 \u00e0 25 ans.","og_url":"https:\/\/www.ccvalguiers.fr\/infos\/point-ecoute-en-savoie\/","og_site_name":"Communaut\u00e9 de Communes Val Guiers","article_published_time":"2026-01-26T13:42:23+00:00","article_modified_time":"2026-02-11T14:15:33+00:00","og_image":[{"width":492,"height":393,"url":"https:\/\/www.ccvalguiers.fr\/infos\/wp-content\/uploads\/2026\/01\/Capture-decran-2026-01-26-122809.png","type":"image\/png"}],"author":"CCVG Communication","twitter_card":"summary_large_image","twitter_misc":{"\u00c9crit par":"CCVG Communication","Dur\u00e9e de lecture estim\u00e9e":"3 minutes"},"schema":{"@context":"https:\/\/schema.org","@graph":[{"@type":"Article","@id":"https:\/\/www.ccvalguiers.fr\/infos\/point-ecoute-en-savoie\/#article","isPartOf":{"@id":"https:\/\/www.ccvalguiers.fr\/infos\/point-ecoute-en-savoie\/"},"author":{"name":"CCVG Communication","@id":"https:\/\/www.ccvalguiers.fr\/infos\/#\/schema\/person\/312dd681fd97e8ce529ca013498fa64e"},"headline":"Point \u00e9coute en Savoie","datePublished":"2026-01-26T13:42:23+00:00","dateModified":"2026-02-11T14:15:33+00:00","mainEntityOfPage":{"@id":"https:\/\/www.ccvalguiers.fr\/infos\/point-ecoute-en-savoie\/"},"wordCount":1051,"publisher":{"@id":"https:\/\/www.ccvalguiers.fr\/infos\/#organization"},"image":{"@id":"https:\/\/www.ccvalguiers.fr\/infos\/point-ecoute-en-savoie\/#primaryimage"},"thumbnailUrl":"https:\/\/www.ccvalguiers.fr\/infos\/wp-content\/uploads\/2026\/01\/Capture-decran-2026-01-26-122809.png","articleSection":["A la Une","Actualit\u00e9s","ccvg","Enfance \/ jeunesse"],"inLanguage":"fr-FR"},{"@type":"WebPage","@id":"https:\/\/www.ccvalguiers.fr\/infos\/point-ecoute-en-savoie\/","url":"https:\/\/www.ccvalguiers.fr\/infos\/point-ecoute-en-savoie\/","name":"Point \u00e9coute en Savoie","isPartOf":{"@id":"https:\/\/www.ccvalguiers.fr\/infos\/#website"},"primaryImageOfPage":{"@id":"https:\/\/www.ccvalguiers.fr\/infos\/point-ecoute-en-savoie\/#primaryimage"},"image":{"@id":"https:\/\/www.ccvalguiers.fr\/infos\/point-ecoute-en-savoie\/#primaryimage"},"thumbnailUrl":"https:\/\/www.ccvalguiers.fr\/infos\/wp-content\/uploads\/2026\/01\/Capture-decran-2026-01-26-122809.png","datePublished":"2026-01-26T13:42:23+00:00","dateModified":"2026-02-11T14:15:33+00:00","description":"Point \u00e9coute en Savoie | CCVG | Proposer une \u00e9coute, un accueil et une orientation des jeunes de 10 \u00e0 25 ans.","breadcrumb":{"@id":"https:\/\/www.ccvalguiers.fr\/infos\/point-ecoute-en-savoie\/#breadcrumb"},"inLanguage":"fr-FR","potentialAction":[{"@type":"ReadAction","target":["https:\/\/www.ccvalguiers.fr\/infos\/point-ecoute-en-savoie\/"]}]},{"@type":"ImageObject","inLanguage":"fr-FR","@id":"https:\/\/www.ccvalguiers.fr\/infos\/point-ecoute-en-savoie\/#primaryimage","url":"https:\/\/www.ccvalguiers.fr\/infos\/wp-content\/uploads\/2026\/01\/Capture-decran-2026-01-26-122809.png","contentUrl":"https:\/\/www.ccvalguiers.fr\/infos\/wp-content\/uploads\/2026\/01\/Capture-decran-2026-01-26-122809.png","width":492,"height":393},{"@type":"BreadcrumbList","@id":"https:\/\/www.ccvalguiers.fr\/infos\/point-ecoute-en-savoie\/#breadcrumb","itemListElement":[{"@type":"ListItem","position":1,"name":"Accueil","item":"https:\/\/www.ccvalguiers.fr\/infos\/"},{"@type":"ListItem","position":2,"name":"Actualit\u00e9s","item":"https:\/\/www.ccvalguiers.fr\/infos\/category\/actualites\/"},{"@type":"ListItem","position":3,"name":"Point \u00e9coute en Savoie"}]},{"@type":"WebSite","@id":"https:\/\/www.ccvalguiers.fr\/infos\/#website","url":"https:\/\/www.ccvalguiers.fr\/infos\/","name":"Communaut\u00e9 de Communes Val Guiers","description":"CCVG - Territoire de Val Guiers, de Pont-de-Beauvoisin \u00e0 Saint-Genix-les-Villages - 11 communes situ\u00e9es dans l&#039;Avant-Pays Savoyard","publisher":{"@id":"https:\/\/www.ccvalguiers.fr\/infos\/#organization"},"alternateName":"CCVG","potentialAction":[{"@type":"SearchAction","target":{"@type":"EntryPoint","urlTemplate":"https:\/\/www.ccvalguiers.fr\/infos\/?s={search_term_string}"},"query-input":{"@type":"PropertyValueSpecification","valueRequired":true,"valueName":"search_term_string"}}],"inLanguage":"fr-FR"},{"@type":"Organization","@id":"https:\/\/www.ccvalguiers.fr\/infos\/#organization","name":"Communaut\u00e9 de Communes Val Guiers","alternateName":"CCVG","url":"https:\/\/www.ccvalguiers.fr\/infos\/","logo":{"@type":"ImageObject","inLanguage":"fr-FR","@id":"https:\/\/www.ccvalguiers.fr\/infos\/#\/schema\/logo\/image\/","url":"https:\/\/www.ccvalguiers.fr\/infos\/wp-content\/uploads\/2022\/07\/CC-Val-Guiers-logo-transp.png","contentUrl":"https:\/\/www.ccvalguiers.fr\/infos\/wp-content\/uploads\/2022\/07\/CC-Val-Guiers-logo-transp.png","width":600,"height":602,"caption":"Communaut\u00e9 de Communes Val Guiers"},"image":{"@id":"https:\/\/www.ccvalguiers.fr\/infos\/#\/schema\/logo\/image\/"}},{"@type":"Person","@id":"https:\/\/www.ccvalguiers.fr\/infos\/#\/schema\/person\/312dd681fd97e8ce529ca013498fa64e","name":"CCVG Communication","image":{"@type":"ImageObject","inLanguage":"fr-FR","@id":"https:\/\/secure.gravatar.com\/avatar\/38c271b24d6e6c0662f7b82bee1f30d70b0bd7daead0cd89342c4e6a7509056f?s=96&d=mm&r=g","url":"https:\/\/secure.gravatar.com\/avatar\/38c271b24d6e6c0662f7b82bee1f30d70b0bd7daead0cd89342c4e6a7509056f?s=96&d=mm&r=g","contentUrl":"https:\/\/secure.gravatar.com\/avatar\/38c271b24d6e6c0662f7b82bee1f30d70b0bd7daead0cd89342c4e6a7509056f?s=96&d=mm&r=g","caption":"CCVG Communication"}}]}},"publishpress_future_action":{"enabled":false,"date":"2026-05-05 16:22:17","action":"change-status","newStatus":"draft","terms":[],"taxonomy":"category","extraData":[]},"publishpress_future_workflow_manual_trigger":{"enabledWorkflows":[]},"_links":{"self":[{"href":"https:\/\/www.ccvalguiers.fr\/infos\/wp-json\/wp\/v2\/posts\/7494","targetHints":{"allow":["GET"]}}],"collection":[{"href":"https:\/\/www.ccvalguiers.fr\/infos\/wp-json\/wp\/v2\/posts"}],"about":[{"href":"https:\/\/www.ccvalguiers.fr\/infos\/wp-json\/wp\/v2\/types\/post"}],"author":[{"embeddable":true,"href":"https:\/\/www.ccvalguiers.fr\/infos\/wp-json\/wp\/v2\/users\/5"}],"replies":[{"embeddable":true,"href":"https:\/\/www.ccvalguiers.fr\/infos\/wp-json\/wp\/v2\/comments?post=7494"}],"version-history":[{"count":9,"href":"https:\/\/www.ccvalguiers.fr\/infos\/wp-json\/wp\/v2\/posts\/7494\/revisions"}],"predecessor-version":[{"id":7528,"href":"https:\/\/www.ccvalguiers.fr\/infos\/wp-json\/wp\/v2\/posts\/7494\/revisions\/7528"}],"wp:featuredmedia":[{"embeddable":true,"href":"https:\/\/www.ccvalguiers.fr\/infos\/wp-json\/wp\/v2\/media\/7495"}],"wp:attachment":[{"href":"https:\/\/www.ccvalguiers.fr\/infos\/wp-json\/wp\/v2\/media?parent=7494"}],"wp:term":[{"taxonomy":"category","embeddable":true,"href":"https:\/\/www.ccvalguiers.fr\/infos\/wp-json\/wp\/v2\/categories?post=7494"},{"taxonomy":"post_tag","embeddable":true,"href":"https:\/\/www.ccvalguiers.fr\/infos\/wp-json\/wp\/v2\/tags?post=7494"}],"curies":[{"name":"wp","href":"https:\/\/api.w.org\/{rel}","templated":true}]}}