{"id":7906,"date":"2026-04-21T15:26:44","date_gmt":"2026-04-21T13:26:44","guid":{"rendered":"https:\/\/www.ccvalguiers.fr\/infos\/?p=7906"},"modified":"2026-04-21T15:27:16","modified_gmt":"2026-04-21T13:27:16","slug":"seance-du-14-04-2026","status":"publish","type":"post","link":"https:\/\/www.ccvalguiers.fr\/infos\/seance-du-14-04-2026\/","title":{"rendered":"S\u00e9ance du 14\/04\/2026"},"content":{"rendered":"<p>[et_pb_section fb_built=\u00a0\u00bb1&Prime; _builder_version=\u00a0\u00bb4.17.6&Prime; _module_preset=\u00a0\u00bbdefault\u00a0\u00bb background_color=\u00a0\u00bbRGBA(255,255,255,0)\u00a0\u00bb custom_padding=\u00a0\u00bb20px||||false|false\u00a0\u00bb global_colors_info=\u00a0\u00bb{}\u00a0\u00bb theme_builder_area=\u00a0\u00bbpost_content\u00a0\u00bb][et_pb_row column_structure=\u00a0\u00bb1_2,1_2&Prime; use_custom_gutter=\u00a0\u00bbon\u00a0\u00bb make_equal=\u00a0\u00bbon\u00a0\u00bb _builder_version=\u00a0\u00bb4.17.6&Prime; _module_preset=\u00a0\u00bbdefault\u00a0\u00bb width=\u00a0\u00bb100%\u00a0\u00bb max_width=\u00a0\u00bb100%\u00a0\u00bb custom_padding=\u00a0\u00bb0px||0px||false|false\u00a0\u00bb global_colors_info=\u00a0\u00bb{}\u00a0\u00bb theme_builder_area=\u00a0\u00bbpost_content\u00a0\u00bb][et_pb_column type=\u00a0\u00bb1_2&Prime; _builder_version=\u00a0\u00bb4.17.6&Prime; _module_preset=\u00a0\u00bbdefault\u00a0\u00bb global_colors_info=\u00a0\u00bb{}\u00a0\u00bb theme_builder_area=\u00a0\u00bbpost_content\u00a0\u00bb][et_pb_image src=\u00a0\u00bbhttps:\/\/www.ccvalguiers.fr\/infos\/wp-content\/uploads\/2023\/03\/Seances-du-conseil-communautaire.jpg\u00a0\u00bb alt=\u00a0\u00bbCCVG &#8211; S\u00e9ances du conseil communautaire\u00a0\u00bb title_text=\u00a0\u00bbCCVG &#8211; S\u00e9ances du conseil communautaire\u00a0\u00bb _builder_version=\u00a0\u00bb4.17.6&Prime; _module_preset=\u00a0\u00bbdefault\u00a0\u00bb global_colors_info=\u00a0\u00bb{}\u00a0\u00bb theme_builder_area=\u00a0\u00bbpost_content\u00a0\u00bb][\/et_pb_image][\/et_pb_column][et_pb_column type=\u00a0\u00bb1_2&Prime; _builder_version=\u00a0\u00bb4.17.6&Prime; _module_preset=\u00a0\u00bbdefault\u00a0\u00bb global_colors_info=\u00a0\u00bb{}\u00a0\u00bb theme_builder_area=\u00a0\u00bbpost_content\u00a0\u00bb][et_pb_button url_new_window=\u00a0\u00bbon\u00a0\u00bb button_text=\u00a0\u00bbCONSEIL COMMUNAUTAIRE DU 14 AVRIL 2026&Prime; button_alignment=\u00a0\u00bbleft\u00a0\u00bb _builder_version=\u00a0\u00bb4.27.4&Prime; _module_preset=\u00a0\u00bbdefault\u00a0\u00bb custom_button=\u00a0\u00bbon\u00a0\u00bb button_text_size=\u00a0\u00bb16px\u00a0\u00bb button_text_color=\u00a0\u00bb#FFFFFF\u00a0\u00bb button_bg_color=\u00a0\u00bb#0C424A\u00a0\u00bb button_border_radius=\u00a0\u00bb0px\u00a0\u00bb button_font=\u00a0\u00bb|||on|||||\u00a0\u00bb button_icon=\u00a0\u00bb&#xf1c1;||fa||400&Prime; button_icon_color=\u00a0\u00bb#FFFFFF\u00a0\u00bb button_on_hover=\u00a0\u00bboff\u00a0\u00bb custom_margin=\u00a0\u00bb0px||10px||false|false\u00a0\u00bb custom_padding=\u00a0\u00bb10px|34px|10px|15px|false|false\u00a0\u00bb hover_enabled=\u00a0\u00bb0&Prime; global_colors_info=\u00a0\u00bb{}\u00a0\u00bb button_bg_color__hover_enabled=\u00a0\u00bbon|desktop\u00a0\u00bb button_bg_color__hover=\u00a0\u00bb#E51A2F\u00a0\u00bb button_bg_enable_color__hover=\u00a0\u00bbon\u00a0\u00bb theme_builder_area=\u00a0\u00bbpost_content\u00a0\u00bb sticky_enabled=\u00a0\u00bb0&Prime;][\/et_pb_button][et_pb_button button_url=\u00a0\u00bbhttps:\/\/www.ccvalguiers.fr\/infos\/wp-content\/uploads\/2026\/04\/Liste-des-deliberations-CC-14-04-2026.pdf\u00a0\u00bb url_new_window=\u00a0\u00bbon\u00a0\u00bb button_text=\u00a0\u00bbDELIBERATIONS\u00a0\u00bb button_alignment=\u00a0\u00bbleft\u00a0\u00bb _builder_version=\u00a0\u00bb4.27.4&Prime; _module_preset=\u00a0\u00bbdefault\u00a0\u00bb custom_button=\u00a0\u00bbon\u00a0\u00bb button_text_size=\u00a0\u00bb16px\u00a0\u00bb button_text_color=\u00a0\u00bb#FFFFFF\u00a0\u00bb button_bg_color=\u00a0\u00bb#E51A2F\u00a0\u00bb button_border_radius=\u00a0\u00bb0px\u00a0\u00bb button_font=\u00a0\u00bb|||on|||||\u00a0\u00bb button_icon=\u00a0\u00bb&#xf1c1;||fa||400&Prime; button_icon_color=\u00a0\u00bb#FFFFFF\u00a0\u00bb button_on_hover=\u00a0\u00bboff\u00a0\u00bb custom_margin=\u00a0\u00bb0px||10px||false|false\u00a0\u00bb custom_padding=\u00a0\u00bb10px|34px|10px|15px|false|false\u00a0\u00bb hover_enabled=\u00a0\u00bb0&Prime; global_colors_info=\u00a0\u00bb{}\u00a0\u00bb button_bg_color__hover_enabled=\u00a0\u00bbon|hover\u00a0\u00bb button_bg_color__hover=\u00a0\u00bb#0C424A\u00a0\u00bb button_bg_enable_color__hover=\u00a0\u00bbon\u00a0\u00bb theme_builder_area=\u00a0\u00bbpost_content\u00a0\u00bb sticky_enabled=\u00a0\u00bb0&Prime;][\/et_pb_button][et_pb_text content_tablet=\u00a0\u00bb<\/p>\n<p>Consultez les d\u00e9lib\u00e9rations en d\u00e9tail (PDF) :<\/p>\n<ul>\n<li><strong><a href=%22https:\/\/www.ccvalguiers.fr\/infos\/wp-content\/uploads\/2023\/05\/01.Delib-Convention-chapeau-PVDD-Val-Guiers.pdf%22 rel=%22attachment noopener wp-att-3686%22 data-et-target-link=%22_blank%22>01.Convention Petite Ville de Demain Val Guiers<\/a><\/strong><\/li>\n<li><strong><a href=%22https:\/\/www.ccvalguiers.fr\/infos\/wp-content\/uploads\/2023\/05\/02.Delib-convention-PVDD-Pont.pdf%22 rel=%22attachment noopener wp-att-3687%22 data-et-target-link=%22_blank%22>02.Convention Petite Ville de Demain Pont de Beauvoisin<\/a><\/strong><\/li>\n<li><strong><a href=%22https:\/\/www.ccvalguiers.fr\/infos\/wp-content\/uploads\/2023\/05\/03.Delib-convention-PVDD-St-Genix.pdf%22 rel=%22attachment noopener wp-att-3689%22 data-et-target-link=%22_blank%22>03.Convention Petite Ville de Demain St Genix les Villages<\/a><\/strong><\/li>\n<li><strong><a href=%22https:\/\/www.ccvalguiers.fr\/infos\/wp-content\/uploads\/2023\/05\/04.Droit-de-preemption-propriete-agricole.pdf%22 rel=%22attachment noopener wp-att-3692%22 data-et-target-link=%22_blank%22>04.Droit de pr\u00e9emption propri\u00e9t\u00e9 agricole<\/a><\/strong><\/li>\n<li><strong><a href=%22https:\/\/www.ccvalguiers.fr\/infos\/wp-content\/uploads\/2023\/05\/05.Subvention-Maison-des-Agriculteurs.pdf%22 rel=%22attachment noopener wp-att-3693%22 data-et-target-link=%22_blank%22>05.Subvention Maison des Agriculteurs<\/a><\/strong><\/li>\n<li><strong><a href=%22https:\/\/www.ccvalguiers.fr\/infos\/wp-content\/uploads\/2023\/05\/06.Adhesion-au-CAUE.pdf%22 rel=%22attachment noopener wp-att-3694%22 data-et-target-link=%22_blank%22>06.Adh\u00e9sion au CAUE<\/a><\/strong><\/li>\n<li><strong><a href=%22https:\/\/www.ccvalguiers.fr\/infos\/wp-content\/uploads\/2023\/05\/07.Delib-convention-ARE-Cdg73.pdf%22 rel=%22attachment noopener wp-att-3695%22 data-et-target-link=%22_blank%22>07.Convention d&rsquo;adh\u00e9sion au service de calcul des allocations de retour \u00e0 l&#8217;emploi du CDG73<\/a><\/strong><\/li>\n<li><strong><a href=%22https:\/\/www.ccvalguiers.fr\/infos\/wp-content\/uploads\/2023\/05\/08.Modification-tableau-des-emplois.pdf%22 rel=%22attachment noopener wp-att-3696%22 data-et-target-link=%22_blank%22>08.Modification du tableau des emplois<\/a><\/strong><\/li>\n<li><strong><a href=%22https:\/\/www.ccvalguiers.fr\/infos\/wp-content\/uploads\/2023\/05\/09.-ZAE-Contin-validation-conditions-vente-parcelle.pdf%22 rel=%22attachment noopener wp-att-3698%22 data-et-target-link=%22_blank%22>09. ZAE Contin -validation des conditions de vente d&rsquo;une parcelle<\/a><\/strong><\/li>\n<li><strong><a href=%22https:\/\/www.ccvalguiers.fr\/infos\/wp-content\/uploads\/2023\/05\/10.Vente-Cirillo-ZAE-La-Tuiliere.pdf%22 rel=%22attachment wp-att-3699%22>10.Annulation d&rsquo;une vente et cession d&rsquo;un lot en ZAE de la Tuili\u00e8re \u00e0 Champagneux<\/a><\/strong><\/li>\n<li><strong><a href=%22https:\/\/www.ccvalguiers.fr\/infos\/wp-content\/uploads\/2023\/05\/11.Regularisations-foncieres-ZAE-Domessin.pdf%22 rel=%22attachment noopener wp-att-3700%22 data-et-target-link=%22_blank%22>11.R\u00e9gularisations fonci\u00e8res dans les ZAE avec la commune de Domessin<\/a><\/strong><\/li>\n<li><strong><a href=%22https:\/\/www.ccvalguiers.fr\/infos\/wp-content\/uploads\/2023\/05\/12.Regularisations-foncieres-ZAE-La-Bridoire.pdf%22 rel=%22attachment noopener wp-att-3701%22 data-et-target-link=%22_blank%22>12.R\u00e9gularisations fonci\u00e8res dans les ZAE avec la commune de La Bridoire<\/a><\/strong><\/li>\n<li><strong><a href=%22https:\/\/www.ccvalguiers.fr\/infos\/wp-content\/uploads\/2023\/05\/13.Delib-avenant-CAF-LAEP.pdf%22 rel=%22attachment noopener wp-att-3702%22 data-et-target-link=%22_blank%22>13.Avenant CAF Lieu d&rsquo;Accueil Enfants Parents<\/a><\/strong><\/li>\n<li><strong><a href=%22https:\/\/www.ccvalguiers.fr\/infos\/wp-content\/uploads\/2023\/05\/14.Tarifs-enfance-jeunesse-2023-2024-1.pdf%22 rel=%22attachment noopener wp-att-3705%22 data-et-target-link=%22_blank%22>14.Mise \u00e0 jour des tarifs enfance jeunesse 2023 2024<\/a><\/strong><\/li>\n<li><strong><a href=%22https:\/\/www.ccvalguiers.fr\/infos\/wp-content\/uploads\/2023\/05\/15.Nouvelles-places-creche-Domessin.pdf%22 rel=%22attachment noopener wp-att-3706%22 data-et-target-link=%22_blank%22>15.Choix d&rsquo;implantation de nouvelles places de cr\u00e8che<\/a><\/strong><\/li>\n<\/ul>\n<p>\u00a0\u00bb content_phone=\u00a0\u00bb<\/p>\n<p>Consultez les d\u00e9lib\u00e9rations en d\u00e9tail (PDF) :<\/p>\n<ul>\n<li><strong><a href=%22https:\/\/www.ccvalguiers.fr\/infos\/wp-content\/uploads\/2023\/05\/01.Delib-Convention-chapeau-PVDD-Val-Guiers.pdf%22 rel=%22attachment noopener wp-att-3686%22 data-et-target-link=%22_blank%22>01.Convention Petite Ville de Demain Val Guiers<\/a><\/strong><\/li>\n<li><strong><a href=%22https:\/\/www.ccvalguiers.fr\/infos\/wp-content\/uploads\/2023\/05\/02.Delib-convention-PVDD-Pont.pdf%22 rel=%22attachment noopener wp-att-3687%22 data-et-target-link=%22_blank%22>02.Convention Petite Ville de Demain Pont de Beauvoisin<\/a><\/strong><\/li>\n<li><strong><a href=%22https:\/\/www.ccvalguiers.fr\/infos\/wp-content\/uploads\/2023\/05\/03.Delib-convention-PVDD-St-Genix.pdf%22 rel=%22attachment noopener wp-att-3689%22 data-et-target-link=%22_blank%22>03.Convention Petite Ville de Demain St Genix les Villages<\/a><\/strong><\/li>\n<li><strong><a href=%22https:\/\/www.ccvalguiers.fr\/infos\/wp-content\/uploads\/2023\/05\/04.Droit-de-preemption-propriete-agricole.pdf%22 rel=%22attachment noopener wp-att-3692%22 data-et-target-link=%22_blank%22>04.Droit de pr\u00e9emption propri\u00e9t\u00e9 agricole<\/a><\/strong><\/li>\n<li><strong><a href=%22https:\/\/www.ccvalguiers.fr\/infos\/wp-content\/uploads\/2023\/05\/05.Subvention-Maison-des-Agriculteurs.pdf%22 rel=%22attachment noopener wp-att-3693%22 data-et-target-link=%22_blank%22>05.Subvention Maison des Agriculteurs<\/a><\/strong><\/li>\n<li><strong><a href=%22https:\/\/www.ccvalguiers.fr\/infos\/wp-content\/uploads\/2023\/05\/06.Adhesion-au-CAUE.pdf%22 rel=%22attachment noopener wp-att-3694%22 data-et-target-link=%22_blank%22>06.Adh\u00e9sion au CAUE<\/a><\/strong><\/li>\n<li><strong><a href=%22https:\/\/www.ccvalguiers.fr\/infos\/wp-content\/uploads\/2023\/05\/07.Delib-convention-ARE-Cdg73.pdf%22 rel=%22attachment noopener wp-att-3695%22 data-et-target-link=%22_blank%22>07.Convention d&rsquo;adh\u00e9sion au service de calcul des allocations de retour \u00e0 l&#8217;emploi du CDG73<\/a><\/strong><\/li>\n<li><strong><a href=%22https:\/\/www.ccvalguiers.fr\/infos\/wp-content\/uploads\/2023\/05\/08.Modification-tableau-des-emplois.pdf%22 rel=%22attachment noopener wp-att-3696%22 data-et-target-link=%22_blank%22>08.Modification du tableau des emplois<\/a><\/strong><\/li>\n<li><strong><a href=%22https:\/\/www.ccvalguiers.fr\/infos\/wp-content\/uploads\/2023\/05\/09.-ZAE-Contin-validation-conditions-vente-parcelle.pdf%22 rel=%22attachment noopener wp-att-3698%22 data-et-target-link=%22_blank%22>09. ZAE Contin -validation des conditions de vente d&rsquo;une parcelle<\/a><\/strong><\/li>\n<li><strong><a href=%22https:\/\/www.ccvalguiers.fr\/infos\/wp-content\/uploads\/2023\/05\/10.Vente-Cirillo-ZAE-La-Tuiliere.pdf%22 rel=%22attachment wp-att-3699%22>10.Annulation d&rsquo;une vente et cession d&rsquo;un lot en ZAE de la Tuili\u00e8re \u00e0 Champagneux<\/a><\/strong><\/li>\n<li><strong><a href=%22https:\/\/www.ccvalguiers.fr\/infos\/wp-content\/uploads\/2023\/05\/11.Regularisations-foncieres-ZAE-Domessin.pdf%22 rel=%22attachment noopener wp-att-3700%22 data-et-target-link=%22_blank%22>11.R\u00e9gularisations fonci\u00e8res dans les ZAE avec la commune de Domessin<\/a><\/strong><\/li>\n<li><strong><a href=%22https:\/\/www.ccvalguiers.fr\/infos\/wp-content\/uploads\/2023\/05\/12.Regularisations-foncieres-ZAE-La-Bridoire.pdf%22 rel=%22attachment noopener wp-att-3701%22 data-et-target-link=%22_blank%22>12.R\u00e9gularisations fonci\u00e8res dans les ZAE avec la commune de La Bridoire<\/a><\/strong><\/li>\n<li><strong><a href=%22https:\/\/www.ccvalguiers.fr\/infos\/wp-content\/uploads\/2023\/05\/13.Delib-avenant-CAF-LAEP.pdf%22 rel=%22attachment noopener wp-att-3702%22 data-et-target-link=%22_blank%22>13.Avenant CAF Lieu d&rsquo;Accueil Enfants Parents<\/a><\/strong><\/li>\n<li><strong><a href=%22https:\/\/www.ccvalguiers.fr\/infos\/wp-content\/uploads\/2023\/05\/14.Tarifs-enfance-jeunesse-2023-2024-1.pdf%22 rel=%22attachment noopener wp-att-3705%22 data-et-target-link=%22_blank%22>14.Mise \u00e0 jour des tarifs enfance jeunesse 2023 2024<\/a><\/strong><\/li>\n<li><strong><a href=%22https:\/\/www.ccvalguiers.fr\/infos\/wp-content\/uploads\/2023\/05\/15.Nouvelles-places-creche-Domessin.pdf%22 rel=%22attachment noopener wp-att-3706%22 data-et-target-link=%22_blank%22>15.Choix d&rsquo;implantation de nouvelles places de cr\u00e8che<\/a><\/strong><\/li>\n<\/ul>\n<p>\u00a0\u00bb content_last_edited=\u00a0\u00bbon|desktop\u00a0\u00bb _builder_version=\u00a0\u00bb4.27.4&Prime; _module_preset=\u00a0\u00bbdefault\u00a0\u00bb link_text_color=\u00a0\u00bb#0C424A\u00a0\u00bb ul_line_height=\u00a0\u00bb2em\u00a0\u00bb custom_margin=\u00a0\u00bb0px||0px||false|false\u00a0\u00bb custom_padding=\u00a0\u00bb10px||10px||false|false\u00a0\u00bb hover_enabled=\u00a0\u00bb0&Prime; global_colors_info=\u00a0\u00bb{}\u00a0\u00bb link_text_color__hover_enabled=\u00a0\u00bbon|desktop\u00a0\u00bb link_text_color__hover=\u00a0\u00bb#67BFBF\u00a0\u00bb theme_builder_area=\u00a0\u00bbpost_content\u00a0\u00bb sticky_enabled=\u00a0\u00bb0&Prime;]<\/p>\n<p>Consultez les d\u00e9lib\u00e9rations en d\u00e9tail (PDF) :<\/p>\n<p><strong><a href=\"https:\/\/www.ccvalguiers.fr\/infos\/wp-content\/uploads\/2026\/04\/01.Election-du-President.pdf\" rel=\"attachment noopener wp-att-7909\" target=\"_blank\">01.Election du Pr\u00e9sident<\/a><\/strong><\/p>\n<p><strong><a href=\"https:\/\/www.ccvalguiers.fr\/infos\/wp-content\/uploads\/2026\/04\/02.Determination-du-nb-de-VP.pdf\" rel=\"attachment noopener wp-att-7910\" target=\"_blank\">02.D\u00e9termination du nb de VP<\/a><\/strong><\/p>\n<p><strong><a href=\"https:\/\/www.ccvalguiers.fr\/infos\/wp-content\/uploads\/2026\/04\/03.Election-des-VP.pdf\" rel=\"attachment noopener wp-att-7911\" target=\"_blank\">03.Election des VP<\/a><\/strong><\/p>\n<p><strong><a href=\"https:\/\/www.ccvalguiers.fr\/infos\/wp-content\/uploads\/2026\/04\/04.Composition-Bureau.pdf\" rel=\"attachment noopener wp-att-7912\" target=\"_blank\">04.Composition Bureau<\/a><\/strong><\/p>\n<p><strong><a href=\"https:\/\/www.ccvalguiers.fr\/infos\/wp-content\/uploads\/2026\/04\/05.Election-membres-du-Bureau.pdf\" rel=\"attachment noopener wp-att-7913\" target=\"_blank\">05.Election membres du Bureau<\/a><\/strong><\/p>\n<p><strong><a href=\"https:\/\/www.ccvalguiers.fr\/infos\/wp-content\/uploads\/2026\/04\/06.Creation-conference-des-maires.pdf\" rel=\"attachment noopener wp-att-7914\" target=\"_blank\">06.Cr\u00e9ation conf\u00e9rence des maires<\/a><\/strong><\/p>\n<p><strong><a href=\"https:\/\/www.ccvalguiers.fr\/infos\/wp-content\/uploads\/2026\/04\/07.Remise-charte-elu-local.pdf\" rel=\"attachment noopener wp-att-7915\" target=\"_blank\">07.Remise charte \u00e9lu local<\/a><\/strong><\/p>\n<p><strong><a href=\"https:\/\/www.ccvalguiers.fr\/infos\/wp-content\/uploads\/2026\/04\/08.Delegations-au-President.pdf\" rel=\"attachment noopener wp-att-7916\" target=\"_blank\">08.D\u00e9l\u00e9gations au Pr\u00e9sident<\/a><\/strong><\/p>\n<p><strong><a href=\"https:\/\/www.ccvalguiers.fr\/infos\/wp-content\/uploads\/2026\/04\/09.Qualite-membres-elus-CA-CIAS.pdf\" rel=\"attachment noopener wp-att-7917\" target=\"_blank\">09.Qualit\u00e9 membres \u00e9lus CA CIAS<\/a><\/strong><\/p>\n<p>[\/et_pb_text][\/et_pb_column][\/et_pb_row][\/et_pb_section]<\/p>\n","protected":false},"excerpt":{"rendered":"<p>Consultez les d\u00e9lib\u00e9rations en d\u00e9tail (PDF) : 01.Election du Pr\u00e9sident 02.D\u00e9termination du nb de VP 03.Election des VP 04.Composition Bureau 05.Election membres du Bureau 06.Cr\u00e9ation conf\u00e9rence des maires 07.Remise charte \u00e9lu local 08.D\u00e9l\u00e9gations au Pr\u00e9sident 09.Qualit\u00e9 membres \u00e9lus CA CIAS<\/p>\n","protected":false},"author":3,"featured_media":3035,"comment_status":"closed","ping_status":"closed","sticky":false,"template":"","format":"standard","meta":{"_et_pb_use_builder":"on","_et_pb_old_content":"","_et_gb_content_width":"","footnotes":""},"categories":[87],"tags":[],"class_list":["post-7906","post","type-post","status-publish","format-standard","has-post-thumbnail","hentry","category-pv-et-deliberations-du-conseil-communautaire"],"yoast_head":"<!-- This site is optimized with the Yoast SEO plugin v27.5 - https:\/\/yoast.com\/product\/yoast-seo-wordpress\/ -->\n<title>S\u00e9ance du 14\/04\/2026<\/title>\n<meta name=\"description\" content=\"S\u00e9ance du 14\/04\/2026 | Communaut\u00e9 de Communes Val Guiers | Savoie | Comptes rendus, PV, d\u00e9lib\u00e9rations du Conseil communautaire\" \/>\n<meta name=\"robots\" content=\"index, follow, max-snippet:-1, max-image-preview:large, max-video-preview:-1\" \/>\n<link rel=\"canonical\" href=\"https:\/\/www.ccvalguiers.fr\/infos\/seance-du-14-04-2026\/\" \/>\n<meta property=\"og:locale\" content=\"fr_FR\" \/>\n<meta property=\"og:type\" content=\"article\" \/>\n<meta property=\"og:title\" content=\"S\u00e9ance du 14\/04\/2026\" \/>\n<meta property=\"og:description\" content=\"S\u00e9ance du 14\/04\/2026 | Communaut\u00e9 de Communes Val Guiers | Savoie | Comptes rendus, PV, d\u00e9lib\u00e9rations du Conseil communautaire\" \/>\n<meta property=\"og:url\" content=\"https:\/\/www.ccvalguiers.fr\/infos\/seance-du-14-04-2026\/\" \/>\n<meta property=\"og:site_name\" content=\"Communaut\u00e9 de Communes Val Guiers\" \/>\n<meta property=\"article:published_time\" content=\"2026-04-21T13:26:44+00:00\" \/>\n<meta property=\"article:modified_time\" content=\"2026-04-21T13:27:16+00:00\" \/>\n<meta property=\"og:image\" content=\"https:\/\/www.ccvalguiers.fr\/infos\/wp-content\/uploads\/2023\/03\/Seances-du-conseil-communautaire.jpg\" \/>\n\t<meta property=\"og:image:width\" content=\"850\" \/>\n\t<meta property=\"og:image:height\" content=\"567\" \/>\n\t<meta property=\"og:image:type\" content=\"image\/jpeg\" \/>\n<meta name=\"author\" content=\"AdmCCVG-73330\" \/>\n<meta name=\"twitter:card\" content=\"summary_large_image\" \/>\n<meta name=\"twitter:label1\" content=\"\u00c9crit par\" \/>\n\t<meta name=\"twitter:data1\" content=\"AdmCCVG-73330\" \/>\n\t<meta name=\"twitter:label2\" content=\"Dur\u00e9e de lecture estim\u00e9e\" \/>\n\t<meta name=\"twitter:data2\" content=\"4 minutes\" \/>\n<script type=\"application\/ld+json\" class=\"yoast-schema-graph\">{\"@context\":\"https:\\\/\\\/schema.org\",\"@graph\":[{\"@type\":\"Article\",\"@id\":\"https:\\\/\\\/www.ccvalguiers.fr\\\/infos\\\/seance-du-14-04-2026\\\/#article\",\"isPartOf\":{\"@id\":\"https:\\\/\\\/www.ccvalguiers.fr\\\/infos\\\/seance-du-14-04-2026\\\/\"},\"author\":{\"name\":\"AdmCCVG-73330\",\"@id\":\"https:\\\/\\\/www.ccvalguiers.fr\\\/infos\\\/#\\\/schema\\\/person\\\/33156ecce95b2672dc0b9614b6c7d2b6\"},\"headline\":\"S\u00e9ance du 14\\\/04\\\/2026\",\"datePublished\":\"2026-04-21T13:26:44+00:00\",\"dateModified\":\"2026-04-21T13:27:16+00:00\",\"mainEntityOfPage\":{\"@id\":\"https:\\\/\\\/www.ccvalguiers.fr\\\/infos\\\/seance-du-14-04-2026\\\/\"},\"wordCount\":775,\"publisher\":{\"@id\":\"https:\\\/\\\/www.ccvalguiers.fr\\\/infos\\\/#organization\"},\"image\":{\"@id\":\"https:\\\/\\\/www.ccvalguiers.fr\\\/infos\\\/seance-du-14-04-2026\\\/#primaryimage\"},\"thumbnailUrl\":\"https:\\\/\\\/www.ccvalguiers.fr\\\/infos\\\/wp-content\\\/uploads\\\/2023\\\/03\\\/Seances-du-conseil-communautaire.jpg\",\"articleSection\":[\"PV et d\u00e9lib\u00e9rations du Conseil communautaire\"],\"inLanguage\":\"fr-FR\"},{\"@type\":\"WebPage\",\"@id\":\"https:\\\/\\\/www.ccvalguiers.fr\\\/infos\\\/seance-du-14-04-2026\\\/\",\"url\":\"https:\\\/\\\/www.ccvalguiers.fr\\\/infos\\\/seance-du-14-04-2026\\\/\",\"name\":\"S\u00e9ance du 14\\\/04\\\/2026\",\"isPartOf\":{\"@id\":\"https:\\\/\\\/www.ccvalguiers.fr\\\/infos\\\/#website\"},\"primaryImageOfPage\":{\"@id\":\"https:\\\/\\\/www.ccvalguiers.fr\\\/infos\\\/seance-du-14-04-2026\\\/#primaryimage\"},\"image\":{\"@id\":\"https:\\\/\\\/www.ccvalguiers.fr\\\/infos\\\/seance-du-14-04-2026\\\/#primaryimage\"},\"thumbnailUrl\":\"https:\\\/\\\/www.ccvalguiers.fr\\\/infos\\\/wp-content\\\/uploads\\\/2023\\\/03\\\/Seances-du-conseil-communautaire.jpg\",\"datePublished\":\"2026-04-21T13:26:44+00:00\",\"dateModified\":\"2026-04-21T13:27:16+00:00\",\"description\":\"S\u00e9ance du 14\\\/04\\\/2026 | Communaut\u00e9 de Communes Val Guiers | Savoie | Comptes rendus, PV, d\u00e9lib\u00e9rations du Conseil communautaire\",\"breadcrumb\":{\"@id\":\"https:\\\/\\\/www.ccvalguiers.fr\\\/infos\\\/seance-du-14-04-2026\\\/#breadcrumb\"},\"inLanguage\":\"fr-FR\",\"potentialAction\":[{\"@type\":\"ReadAction\",\"target\":[\"https:\\\/\\\/www.ccvalguiers.fr\\\/infos\\\/seance-du-14-04-2026\\\/\"]}]},{\"@type\":\"ImageObject\",\"inLanguage\":\"fr-FR\",\"@id\":\"https:\\\/\\\/www.ccvalguiers.fr\\\/infos\\\/seance-du-14-04-2026\\\/#primaryimage\",\"url\":\"https:\\\/\\\/www.ccvalguiers.fr\\\/infos\\\/wp-content\\\/uploads\\\/2023\\\/03\\\/Seances-du-conseil-communautaire.jpg\",\"contentUrl\":\"https:\\\/\\\/www.ccvalguiers.fr\\\/infos\\\/wp-content\\\/uploads\\\/2023\\\/03\\\/Seances-du-conseil-communautaire.jpg\",\"width\":850,\"height\":567,\"caption\":\"CCVG - S\u00e9ances du conseil communautaire\"},{\"@type\":\"BreadcrumbList\",\"@id\":\"https:\\\/\\\/www.ccvalguiers.fr\\\/infos\\\/seance-du-14-04-2026\\\/#breadcrumb\",\"itemListElement\":[{\"@type\":\"ListItem\",\"position\":1,\"name\":\"Accueil\",\"item\":\"https:\\\/\\\/www.ccvalguiers.fr\\\/infos\\\/\"},{\"@type\":\"ListItem\",\"position\":2,\"name\":\"PV et d\u00e9lib\u00e9rations du Conseil communautaire\",\"item\":\"https:\\\/\\\/www.ccvalguiers.fr\\\/infos\\\/category\\\/pv-et-deliberations-du-conseil-communautaire\\\/\"},{\"@type\":\"ListItem\",\"position\":3,\"name\":\"S\u00e9ance du 14\\\/04\\\/2026\"}]},{\"@type\":\"WebSite\",\"@id\":\"https:\\\/\\\/www.ccvalguiers.fr\\\/infos\\\/#website\",\"url\":\"https:\\\/\\\/www.ccvalguiers.fr\\\/infos\\\/\",\"name\":\"Communaut\u00e9 de Communes Val Guiers\",\"description\":\"CCVG - Territoire de Val Guiers, de Pont-de-Beauvoisin \u00e0 Saint-Genix-les-Villages - 11 communes situ\u00e9es dans l&#039;Avant-Pays Savoyard\",\"publisher\":{\"@id\":\"https:\\\/\\\/www.ccvalguiers.fr\\\/infos\\\/#organization\"},\"alternateName\":\"CCVG\",\"potentialAction\":[{\"@type\":\"SearchAction\",\"target\":{\"@type\":\"EntryPoint\",\"urlTemplate\":\"https:\\\/\\\/www.ccvalguiers.fr\\\/infos\\\/?s={search_term_string}\"},\"query-input\":{\"@type\":\"PropertyValueSpecification\",\"valueRequired\":true,\"valueName\":\"search_term_string\"}}],\"inLanguage\":\"fr-FR\"},{\"@type\":\"Organization\",\"@id\":\"https:\\\/\\\/www.ccvalguiers.fr\\\/infos\\\/#organization\",\"name\":\"Communaut\u00e9 de Communes Val Guiers\",\"alternateName\":\"CCVG\",\"url\":\"https:\\\/\\\/www.ccvalguiers.fr\\\/infos\\\/\",\"logo\":{\"@type\":\"ImageObject\",\"inLanguage\":\"fr-FR\",\"@id\":\"https:\\\/\\\/www.ccvalguiers.fr\\\/infos\\\/#\\\/schema\\\/logo\\\/image\\\/\",\"url\":\"https:\\\/\\\/www.ccvalguiers.fr\\\/infos\\\/wp-content\\\/uploads\\\/2022\\\/07\\\/CC-Val-Guiers-logo-transp.png\",\"contentUrl\":\"https:\\\/\\\/www.ccvalguiers.fr\\\/infos\\\/wp-content\\\/uploads\\\/2022\\\/07\\\/CC-Val-Guiers-logo-transp.png\",\"width\":600,\"height\":602,\"caption\":\"Communaut\u00e9 de Communes Val Guiers\"},\"image\":{\"@id\":\"https:\\\/\\\/www.ccvalguiers.fr\\\/infos\\\/#\\\/schema\\\/logo\\\/image\\\/\"}},{\"@type\":\"Person\",\"@id\":\"https:\\\/\\\/www.ccvalguiers.fr\\\/infos\\\/#\\\/schema\\\/person\\\/33156ecce95b2672dc0b9614b6c7d2b6\",\"name\":\"AdmCCVG-73330\",\"image\":{\"@type\":\"ImageObject\",\"inLanguage\":\"fr-FR\",\"@id\":\"https:\\\/\\\/secure.gravatar.com\\\/avatar\\\/558828748d4f778a3afa84efca2c9421eda3d167da65863c7603b968b182e1af?s=96&d=mm&r=g\",\"url\":\"https:\\\/\\\/secure.gravatar.com\\\/avatar\\\/558828748d4f778a3afa84efca2c9421eda3d167da65863c7603b968b182e1af?s=96&d=mm&r=g\",\"contentUrl\":\"https:\\\/\\\/secure.gravatar.com\\\/avatar\\\/558828748d4f778a3afa84efca2c9421eda3d167da65863c7603b968b182e1af?s=96&d=mm&r=g\",\"caption\":\"AdmCCVG-73330\"}}]}<\/script>\n<!-- \/ Yoast SEO plugin. -->","yoast_head_json":{"title":"S\u00e9ance du 14\/04\/2026","description":"S\u00e9ance du 14\/04\/2026 | Communaut\u00e9 de Communes Val Guiers | Savoie | Comptes rendus, PV, d\u00e9lib\u00e9rations du Conseil communautaire","robots":{"index":"index","follow":"follow","max-snippet":"max-snippet:-1","max-image-preview":"max-image-preview:large","max-video-preview":"max-video-preview:-1"},"canonical":"https:\/\/www.ccvalguiers.fr\/infos\/seance-du-14-04-2026\/","og_locale":"fr_FR","og_type":"article","og_title":"S\u00e9ance du 14\/04\/2026","og_description":"S\u00e9ance du 14\/04\/2026 | Communaut\u00e9 de Communes Val Guiers | Savoie | Comptes rendus, PV, d\u00e9lib\u00e9rations du Conseil communautaire","og_url":"https:\/\/www.ccvalguiers.fr\/infos\/seance-du-14-04-2026\/","og_site_name":"Communaut\u00e9 de Communes Val Guiers","article_published_time":"2026-04-21T13:26:44+00:00","article_modified_time":"2026-04-21T13:27:16+00:00","og_image":[{"width":850,"height":567,"url":"https:\/\/www.ccvalguiers.fr\/infos\/wp-content\/uploads\/2023\/03\/Seances-du-conseil-communautaire.jpg","type":"image\/jpeg"}],"author":"AdmCCVG-73330","twitter_card":"summary_large_image","twitter_misc":{"\u00c9crit par":"AdmCCVG-73330","Dur\u00e9e de lecture estim\u00e9e":"4 minutes"},"schema":{"@context":"https:\/\/schema.org","@graph":[{"@type":"Article","@id":"https:\/\/www.ccvalguiers.fr\/infos\/seance-du-14-04-2026\/#article","isPartOf":{"@id":"https:\/\/www.ccvalguiers.fr\/infos\/seance-du-14-04-2026\/"},"author":{"name":"AdmCCVG-73330","@id":"https:\/\/www.ccvalguiers.fr\/infos\/#\/schema\/person\/33156ecce95b2672dc0b9614b6c7d2b6"},"headline":"S\u00e9ance du 14\/04\/2026","datePublished":"2026-04-21T13:26:44+00:00","dateModified":"2026-04-21T13:27:16+00:00","mainEntityOfPage":{"@id":"https:\/\/www.ccvalguiers.fr\/infos\/seance-du-14-04-2026\/"},"wordCount":775,"publisher":{"@id":"https:\/\/www.ccvalguiers.fr\/infos\/#organization"},"image":{"@id":"https:\/\/www.ccvalguiers.fr\/infos\/seance-du-14-04-2026\/#primaryimage"},"thumbnailUrl":"https:\/\/www.ccvalguiers.fr\/infos\/wp-content\/uploads\/2023\/03\/Seances-du-conseil-communautaire.jpg","articleSection":["PV et d\u00e9lib\u00e9rations du Conseil communautaire"],"inLanguage":"fr-FR"},{"@type":"WebPage","@id":"https:\/\/www.ccvalguiers.fr\/infos\/seance-du-14-04-2026\/","url":"https:\/\/www.ccvalguiers.fr\/infos\/seance-du-14-04-2026\/","name":"S\u00e9ance du 14\/04\/2026","isPartOf":{"@id":"https:\/\/www.ccvalguiers.fr\/infos\/#website"},"primaryImageOfPage":{"@id":"https:\/\/www.ccvalguiers.fr\/infos\/seance-du-14-04-2026\/#primaryimage"},"image":{"@id":"https:\/\/www.ccvalguiers.fr\/infos\/seance-du-14-04-2026\/#primaryimage"},"thumbnailUrl":"https:\/\/www.ccvalguiers.fr\/infos\/wp-content\/uploads\/2023\/03\/Seances-du-conseil-communautaire.jpg","datePublished":"2026-04-21T13:26:44+00:00","dateModified":"2026-04-21T13:27:16+00:00","description":"S\u00e9ance du 14\/04\/2026 | Communaut\u00e9 de Communes Val Guiers | Savoie | Comptes rendus, PV, d\u00e9lib\u00e9rations du Conseil communautaire","breadcrumb":{"@id":"https:\/\/www.ccvalguiers.fr\/infos\/seance-du-14-04-2026\/#breadcrumb"},"inLanguage":"fr-FR","potentialAction":[{"@type":"ReadAction","target":["https:\/\/www.ccvalguiers.fr\/infos\/seance-du-14-04-2026\/"]}]},{"@type":"ImageObject","inLanguage":"fr-FR","@id":"https:\/\/www.ccvalguiers.fr\/infos\/seance-du-14-04-2026\/#primaryimage","url":"https:\/\/www.ccvalguiers.fr\/infos\/wp-content\/uploads\/2023\/03\/Seances-du-conseil-communautaire.jpg","contentUrl":"https:\/\/www.ccvalguiers.fr\/infos\/wp-content\/uploads\/2023\/03\/Seances-du-conseil-communautaire.jpg","width":850,"height":567,"caption":"CCVG - S\u00e9ances du conseil communautaire"},{"@type":"BreadcrumbList","@id":"https:\/\/www.ccvalguiers.fr\/infos\/seance-du-14-04-2026\/#breadcrumb","itemListElement":[{"@type":"ListItem","position":1,"name":"Accueil","item":"https:\/\/www.ccvalguiers.fr\/infos\/"},{"@type":"ListItem","position":2,"name":"PV et d\u00e9lib\u00e9rations du Conseil communautaire","item":"https:\/\/www.ccvalguiers.fr\/infos\/category\/pv-et-deliberations-du-conseil-communautaire\/"},{"@type":"ListItem","position":3,"name":"S\u00e9ance du 14\/04\/2026"}]},{"@type":"WebSite","@id":"https:\/\/www.ccvalguiers.fr\/infos\/#website","url":"https:\/\/www.ccvalguiers.fr\/infos\/","name":"Communaut\u00e9 de Communes Val Guiers","description":"CCVG - Territoire de Val Guiers, de Pont-de-Beauvoisin \u00e0 Saint-Genix-les-Villages - 11 communes situ\u00e9es dans l&#039;Avant-Pays Savoyard","publisher":{"@id":"https:\/\/www.ccvalguiers.fr\/infos\/#organization"},"alternateName":"CCVG","potentialAction":[{"@type":"SearchAction","target":{"@type":"EntryPoint","urlTemplate":"https:\/\/www.ccvalguiers.fr\/infos\/?s={search_term_string}"},"query-input":{"@type":"PropertyValueSpecification","valueRequired":true,"valueName":"search_term_string"}}],"inLanguage":"fr-FR"},{"@type":"Organization","@id":"https:\/\/www.ccvalguiers.fr\/infos\/#organization","name":"Communaut\u00e9 de Communes Val Guiers","alternateName":"CCVG","url":"https:\/\/www.ccvalguiers.fr\/infos\/","logo":{"@type":"ImageObject","inLanguage":"fr-FR","@id":"https:\/\/www.ccvalguiers.fr\/infos\/#\/schema\/logo\/image\/","url":"https:\/\/www.ccvalguiers.fr\/infos\/wp-content\/uploads\/2022\/07\/CC-Val-Guiers-logo-transp.png","contentUrl":"https:\/\/www.ccvalguiers.fr\/infos\/wp-content\/uploads\/2022\/07\/CC-Val-Guiers-logo-transp.png","width":600,"height":602,"caption":"Communaut\u00e9 de Communes Val Guiers"},"image":{"@id":"https:\/\/www.ccvalguiers.fr\/infos\/#\/schema\/logo\/image\/"}},{"@type":"Person","@id":"https:\/\/www.ccvalguiers.fr\/infos\/#\/schema\/person\/33156ecce95b2672dc0b9614b6c7d2b6","name":"AdmCCVG-73330","image":{"@type":"ImageObject","inLanguage":"fr-FR","@id":"https:\/\/secure.gravatar.com\/avatar\/558828748d4f778a3afa84efca2c9421eda3d167da65863c7603b968b182e1af?s=96&d=mm&r=g","url":"https:\/\/secure.gravatar.com\/avatar\/558828748d4f778a3afa84efca2c9421eda3d167da65863c7603b968b182e1af?s=96&d=mm&r=g","contentUrl":"https:\/\/secure.gravatar.com\/avatar\/558828748d4f778a3afa84efca2c9421eda3d167da65863c7603b968b182e1af?s=96&d=mm&r=g","caption":"AdmCCVG-73330"}}]}},"publishpress_future_action":{"enabled":false,"date":"2026-05-07 05:06:16","action":"change-status","newStatus":"draft","terms":[],"taxonomy":"category","extraData":[]},"publishpress_future_workflow_manual_trigger":{"enabledWorkflows":[]},"_links":{"self":[{"href":"https:\/\/www.ccvalguiers.fr\/infos\/wp-json\/wp\/v2\/posts\/7906","targetHints":{"allow":["GET"]}}],"collection":[{"href":"https:\/\/www.ccvalguiers.fr\/infos\/wp-json\/wp\/v2\/posts"}],"about":[{"href":"https:\/\/www.ccvalguiers.fr\/infos\/wp-json\/wp\/v2\/types\/post"}],"author":[{"embeddable":true,"href":"https:\/\/www.ccvalguiers.fr\/infos\/wp-json\/wp\/v2\/users\/3"}],"replies":[{"embeddable":true,"href":"https:\/\/www.ccvalguiers.fr\/infos\/wp-json\/wp\/v2\/comments?post=7906"}],"version-history":[{"count":2,"href":"https:\/\/www.ccvalguiers.fr\/infos\/wp-json\/wp\/v2\/posts\/7906\/revisions"}],"predecessor-version":[{"id":7918,"href":"https:\/\/www.ccvalguiers.fr\/infos\/wp-json\/wp\/v2\/posts\/7906\/revisions\/7918"}],"wp:featuredmedia":[{"embeddable":true,"href":"https:\/\/www.ccvalguiers.fr\/infos\/wp-json\/wp\/v2\/media\/3035"}],"wp:attachment":[{"href":"https:\/\/www.ccvalguiers.fr\/infos\/wp-json\/wp\/v2\/media?parent=7906"}],"wp:term":[{"taxonomy":"category","embeddable":true,"href":"https:\/\/www.ccvalguiers.fr\/infos\/wp-json\/wp\/v2\/categories?post=7906"},{"taxonomy":"post_tag","embeddable":true,"href":"https:\/\/www.ccvalguiers.fr\/infos\/wp-json\/wp\/v2\/tags?post=7906"}],"curies":[{"name":"wp","href":"https:\/\/api.w.org\/{rel}","templated":true}]}}