{"id":7921,"date":"2026-04-21T15:46:45","date_gmt":"2026-04-21T13:46:45","guid":{"rendered":"https:\/\/www.ccvalguiers.fr\/infos\/?p=7921"},"modified":"2026-04-21T15:47:16","modified_gmt":"2026-04-21T13:47:16","slug":"seance-du-02-03-2026","status":"publish","type":"post","link":"https:\/\/www.ccvalguiers.fr\/infos\/seance-du-02-03-2026\/","title":{"rendered":"S\u00e9ance du 02\/03\/2026"},"content":{"rendered":"<p>[et_pb_section fb_built=\u00a0\u00bb1&Prime; _builder_version=\u00a0\u00bb4.17.6&Prime; _module_preset=\u00a0\u00bbdefault\u00a0\u00bb background_color=\u00a0\u00bbRGBA(255,255,255,0)\u00a0\u00bb custom_padding=\u00a0\u00bb20px||||false|false\u00a0\u00bb global_colors_info=\u00a0\u00bb{}\u00a0\u00bb theme_builder_area=\u00a0\u00bbpost_content\u00a0\u00bb][et_pb_row column_structure=\u00a0\u00bb1_2,1_2&Prime; use_custom_gutter=\u00a0\u00bbon\u00a0\u00bb make_equal=\u00a0\u00bbon\u00a0\u00bb _builder_version=\u00a0\u00bb4.17.6&Prime; _module_preset=\u00a0\u00bbdefault\u00a0\u00bb width=\u00a0\u00bb100%\u00a0\u00bb max_width=\u00a0\u00bb100%\u00a0\u00bb custom_padding=\u00a0\u00bb0px||0px||false|false\u00a0\u00bb global_colors_info=\u00a0\u00bb{}\u00a0\u00bb theme_builder_area=\u00a0\u00bbpost_content\u00a0\u00bb][et_pb_column type=\u00a0\u00bb1_2&Prime; _builder_version=\u00a0\u00bb4.17.6&Prime; _module_preset=\u00a0\u00bbdefault\u00a0\u00bb global_colors_info=\u00a0\u00bb{}\u00a0\u00bb theme_builder_area=\u00a0\u00bbpost_content\u00a0\u00bb][et_pb_image src=\u00a0\u00bbhttps:\/\/www.ccvalguiers.fr\/infos\/wp-content\/uploads\/2023\/04\/modele-miniature-CIAS.jpg\u00a0\u00bb alt=\u00a0\u00bbmodele miniature CIAS\u00a0\u00bb title_text=\u00a0\u00bbmodele miniature CIAS\u00a0\u00bb _builder_version=\u00a0\u00bb4.17.6&Prime; _module_preset=\u00a0\u00bbdefault\u00a0\u00bb global_colors_info=\u00a0\u00bb{}\u00a0\u00bb theme_builder_area=\u00a0\u00bbpost_content\u00a0\u00bb][\/et_pb_image][\/et_pb_column][et_pb_column type=\u00a0\u00bb1_2&Prime; _builder_version=\u00a0\u00bb4.17.6&Prime; _module_preset=\u00a0\u00bbdefault\u00a0\u00bb global_colors_info=\u00a0\u00bb{}\u00a0\u00bb theme_builder_area=\u00a0\u00bbpost_content\u00a0\u00bb][et_pb_button url_new_window=\u00a0\u00bbon\u00a0\u00bb button_text=\u00a0\u00bbCompte rendu du Conseil d&rsquo;Administration du CIAS du 02\/03\/2026&Prime; button_alignment=\u00a0\u00bbleft\u00a0\u00bb disabled_on=\u00a0\u00bboff|off|off\u00a0\u00bb _builder_version=\u00a0\u00bb4.27.4&Prime; _module_preset=\u00a0\u00bbdefault\u00a0\u00bb custom_button=\u00a0\u00bbon\u00a0\u00bb button_text_size=\u00a0\u00bb16px\u00a0\u00bb button_text_color=\u00a0\u00bb#FFFFFF\u00a0\u00bb button_bg_color=\u00a0\u00bb#0C424A\u00a0\u00bb button_border_radius=\u00a0\u00bb0px\u00a0\u00bb button_font=\u00a0\u00bb|||on|||||\u00a0\u00bb button_icon=\u00a0\u00bb&#xf1c1;||fa||400&Prime; button_icon_color=\u00a0\u00bb#FFFFFF\u00a0\u00bb button_on_hover=\u00a0\u00bboff\u00a0\u00bb custom_margin=\u00a0\u00bb0px||10px||false|false\u00a0\u00bb custom_padding=\u00a0\u00bb10px|34px|10px|15px|false|false\u00a0\u00bb hover_enabled=\u00a0\u00bb0&Prime; global_colors_info=\u00a0\u00bb{}\u00a0\u00bb button_bg_color__hover_enabled=\u00a0\u00bbon|desktop\u00a0\u00bb button_bg_color__hover=\u00a0\u00bb#E51A2F\u00a0\u00bb button_bg_enable_color__hover=\u00a0\u00bbon\u00a0\u00bb theme_builder_area=\u00a0\u00bbpost_content\u00a0\u00bb sticky_enabled=\u00a0\u00bb0&Prime;][\/et_pb_button][et_pb_button button_url=\u00a0\u00bbhttps:\/\/www.ccvalguiers.fr\/infos\/wp-content\/uploads\/2026\/04\/Liste-des-deliberations-CA-02.03.26.pdf\u00a0\u00bb url_new_window=\u00a0\u00bbon\u00a0\u00bb button_text=\u00a0\u00bbListe des d\u00e9lib\u00e9rations du 02\/03\/2026&Prime; button_alignment=\u00a0\u00bbleft\u00a0\u00bb _builder_version=\u00a0\u00bb4.27.4&Prime; _module_preset=\u00a0\u00bbdefault\u00a0\u00bb custom_button=\u00a0\u00bbon\u00a0\u00bb button_text_size=\u00a0\u00bb16px\u00a0\u00bb button_text_color=\u00a0\u00bb#FFFFFF\u00a0\u00bb button_bg_color=\u00a0\u00bb#E51A2F\u00a0\u00bb button_border_radius=\u00a0\u00bb0px\u00a0\u00bb button_font=\u00a0\u00bb|||on|||||\u00a0\u00bb button_icon=\u00a0\u00bb&#xf1c1;||fa||400&Prime; button_icon_color=\u00a0\u00bb#FFFFFF\u00a0\u00bb button_on_hover=\u00a0\u00bboff\u00a0\u00bb custom_margin=\u00a0\u00bb0px||10px||false|false\u00a0\u00bb custom_padding=\u00a0\u00bb10px|34px|10px|15px|false|false\u00a0\u00bb hover_enabled=\u00a0\u00bb0&Prime; global_colors_info=\u00a0\u00bb{}\u00a0\u00bb button_bg_color__hover_enabled=\u00a0\u00bbon|hover\u00a0\u00bb button_bg_color__hover=\u00a0\u00bb#0C424A\u00a0\u00bb button_bg_enable_color__hover=\u00a0\u00bbon\u00a0\u00bb theme_builder_area=\u00a0\u00bbpost_content\u00a0\u00bb sticky_enabled=\u00a0\u00bb0&Prime;][\/et_pb_button][et_pb_text _builder_version=\u00a0\u00bb4.27.4&Prime; _module_preset=\u00a0\u00bbdefault\u00a0\u00bb link_text_color=\u00a0\u00bb#0C424A\u00a0\u00bb ul_line_height=\u00a0\u00bb2em\u00a0\u00bb custom_margin=\u00a0\u00bb0px||0px||false|false\u00a0\u00bb custom_padding=\u00a0\u00bb10px||10px||false|false\u00a0\u00bb hover_enabled=\u00a0\u00bb0&Prime; global_colors_info=\u00a0\u00bb{}\u00a0\u00bb link_text_color__hover_enabled=\u00a0\u00bbon|desktop\u00a0\u00bb link_text_color__hover=\u00a0\u00bb#67BFBF\u00a0\u00bb theme_builder_area=\u00a0\u00bbpost_content\u00a0\u00bb sticky_enabled=\u00a0\u00bb0&Prime;]<\/p>\n<p>Consultez les d\u00e9lib\u00e9rations en d\u00e9tail (PDF) :<\/p>\n<p><a href=\"https:\/\/www.ccvalguiers.fr\/infos\/wp-content\/uploads\/2026\/04\/2026-04-Attribution-de-subventions-aux-Budgets-annexes.pdf\" rel=\"attachment noopener wp-att-7924\" target=\"_blank\">2026-04-Attribution de subventions aux Budgets annexes<\/a><\/p>\n<p><a href=\"https:\/\/www.ccvalguiers.fr\/infos\/wp-content\/uploads\/2026\/04\/2026-05-Budget-principal-Vote-du-budget-primitif-2026.pdf\" rel=\"attachment noopener wp-att-7925\" target=\"_blank\">2026-05-Budget principal &#8211; Vote du budget primitif 2026<\/a><\/p>\n<p><a href=\"https:\/\/www.ccvalguiers.fr\/infos\/wp-content\/uploads\/2026\/04\/2026-06-Quietude-Vote-de-lEPRD-2026.pdf\" rel=\"attachment noopener wp-att-7926\" target=\"_blank\">2026-06-Qui\u00e9tude &#8211; Vote de l&rsquo;EPRD 2026<\/a><\/p>\n<p><a href=\"https:\/\/www.ccvalguiers.fr\/infos\/wp-content\/uploads\/2026\/04\/2026-07-Floralies-Vote-de-lEPRD-2026.pdf\" rel=\"attachment noopener wp-att-7927\" target=\"_blank\">2026-07-Floralies &#8211; Vote de l&rsquo;EPRD 2026<\/a><\/p>\n<p><a href=\"https:\/\/www.ccvalguiers.fr\/infos\/wp-content\/uploads\/2026\/04\/2026-08-Loges-Vote-de-lEPRD-2026.pdf\" rel=\"attachment noopener wp-att-7928\" target=\"_blank\">2026-08-Loges &#8211; Vote de l&rsquo;EPRD 2026<\/a><\/p>\n<p><a href=\"https:\/\/www.ccvalguiers.fr\/infos\/wp-content\/uploads\/2026\/04\/2026-09-Terrasses-Vote-de-lEPRD-2026.pdf\" rel=\"attachment noopener wp-att-7929\" target=\"_blank\">2026-09-Terrasses &#8211; Vote de l&rsquo;EPRD 2026<\/a><\/p>\n<p><a href=\"https:\/\/www.ccvalguiers.fr\/infos\/wp-content\/uploads\/2026\/04\/2026-10-SSIAD-vote-de-lEPRD-2026.pdf\" rel=\"attachment noopener wp-att-7931\" target=\"_blank\">2026-10-SSIAD &#8211; vote de l&rsquo;EPRD 2026<\/a><\/p>\n<p><a href=\"https:\/\/www.ccvalguiers.fr\/infos\/wp-content\/uploads\/2026\/04\/2026-11-SAAD-Vote-du-budget-primitif-2026.pdf\" rel=\"attachment noopener wp-att-7932\" target=\"_blank\">2026-11-SAAD &#8211; Vote du budget primitif 2026<\/a><\/p>\n<p><a href=\"https:\/\/www.ccvalguiers.fr\/infos\/wp-content\/uploads\/2026\/04\/2026-12-Loges-Modification-tarifs.pdf\" rel=\"attachment noopener wp-att-7933\" target=\"_blank\">2026-12-Loges &#8211; Modification tarifs<\/a><\/p>\n<p><a href=\"https:\/\/www.ccvalguiers.fr\/infos\/wp-content\/uploads\/2026\/04\/2026-13-Terrasses-Modification-tarifs.pdf\" rel=\"attachment noopener wp-att-7934\" target=\"_blank\">2026-13-Terrasses &#8211; Modification tarifs<\/a><\/p>\n<p><a href=\"https:\/\/www.ccvalguiers.fr\/infos\/wp-content\/uploads\/2026\/04\/2026-14-Deliberation-subvention-CARSAT-cuisine.pdf\" rel=\"attachment noopener wp-att-7935\" target=\"_blank\">2026-14-D\u00e9lib\u00e9ration subvention CARSAT cuisine<\/a><\/p>\n<p><a href=\"https:\/\/www.ccvalguiers.fr\/infos\/wp-content\/uploads\/2026\/04\/2026-15-Deliberation-subvention-CARSAT-Parc.pdf\" rel=\"attachment noopener wp-att-7936\" target=\"_blank\">2026-15-D\u00e9lib\u00e9ration subvention CARSAT Parc<\/a><\/p>\n<p><a href=\"https:\/\/www.ccvalguiers.fr\/infos\/wp-content\/uploads\/2026\/04\/2026-16-Deliberation-subvention-CARSAT-Vehicule.pdf\" rel=\"attachment noopener wp-att-7937\" target=\"_blank\">2026-16-D\u00e9lib\u00e9ration subvention CARSAT Vehicule<\/a><\/p>\n<p><a href=\"https:\/\/www.ccvalguiers.fr\/infos\/wp-content\/uploads\/2026\/04\/2026-17-Deliberation-subvention-CNSA-borne-melo.pdf\" rel=\"attachment noopener wp-att-7938\" target=\"_blank\">2026-17-D\u00e9lib\u00e9ration subvention CNSA borne m\u00e9lo<\/a><\/p>\n<p><a href=\"https:\/\/www.ccvalguiers.fr\/infos\/wp-content\/uploads\/2026\/04\/2026-18-Depot-de-subvention-programme-Leader.pdf\" rel=\"attachment noopener wp-att-7939\" target=\"_blank\">2026-18-D\u00e9p\u00f4t de subvention programme Leader<\/a><\/p>\n<p><a href=\"https:\/\/www.ccvalguiers.fr\/infos\/wp-content\/uploads\/2026\/04\/2026-19-Candidature-creation-temps-psy-en-SAD.pdf\" rel=\"attachment noopener wp-att-7940\" target=\"_blank\">2026-19-Candidature cr\u00e9ation temps psy en SAD<\/a><\/p>\n<p><a href=\"https:\/\/www.ccvalguiers.fr\/infos\/wp-content\/uploads\/2026\/04\/2026-20-Deliberation-adhesion-service-medecine-preventive.pdf\" rel=\"attachment noopener wp-att-7941\" target=\"_blank\">2026-20-D\u00e9lib\u00e9ration adh\u00e9sion service m\u00e9decine preventive<\/a><\/p>\n<p><a href=\"https:\/\/www.ccvalguiers.fr\/infos\/wp-content\/uploads\/2026\/04\/2026-21-Deliberation-avenant-n\u00b02-retraite-CNRACL.pdf\" rel=\"attachment noopener wp-att-7942\" target=\"_blank\">2026-21-D\u00e9lib\u00e9ration avenant n\u00b02 retraite CNRACL<\/a><\/p>\n<p><a href=\"https:\/\/www.ccvalguiers.fr\/infos\/wp-content\/uploads\/2026\/04\/2026-22.-Deliberation-adhesion-service-prevention-risques-professionnels.pdf\" rel=\"attachment noopener wp-att-7943\" target=\"_blank\">2026-22. D\u00e9lib\u00e9ration adh\u00e9sion service prevention risques professionnels<\/a><\/p>\n<p><a href=\"https:\/\/www.ccvalguiers.fr\/infos\/wp-content\/uploads\/2026\/04\/2026-23-Modification-rembst-frais-deplacement.pdf\" rel=\"attachment noopener wp-att-7944\" target=\"_blank\">2026-23-Modification rembst frais d\u00e9placement<\/a><\/p>\n<p>[\/et_pb_text][\/et_pb_column][\/et_pb_row][\/et_pb_section]<\/p>\n","protected":false},"excerpt":{"rendered":"<p>Consultez les d\u00e9lib\u00e9rations en d\u00e9tail (PDF) : 2026-04-Attribution de subventions aux Budgets annexes 2026-05-Budget principal &#8211; Vote du budget primitif 2026 2026-06-Qui\u00e9tude &#8211; Vote de l&rsquo;EPRD 2026 2026-07-Floralies &#8211; Vote de l&rsquo;EPRD 2026 2026-08-Loges &#8211; Vote de l&rsquo;EPRD 2026 2026-09-Terrasses &#8211; Vote de l&rsquo;EPRD 2026 2026-10-SSIAD &#8211; vote de l&rsquo;EPRD 2026 2026-11-SAAD &#8211; Vote du [&hellip;]<\/p>\n","protected":false},"author":3,"featured_media":3394,"comment_status":"closed","ping_status":"closed","sticky":false,"template":"","format":"standard","meta":{"_et_pb_use_builder":"on","_et_pb_old_content":"","_et_gb_content_width":"","footnotes":""},"categories":[18],"tags":[],"class_list":["post-7921","post","type-post","status-publish","format-standard","has-post-thumbnail","hentry","category-cias"],"yoast_head":"<!-- This site is optimized with the Yoast SEO plugin v27.4 - https:\/\/yoast.com\/product\/yoast-seo-wordpress\/ -->\n<title>S\u00e9ance du 02\/03\/2026<\/title>\n<meta name=\"description\" content=\"S\u00e9ance du 02\/03\/2026 | Communaut\u00e9 de Communes Val Guiers | Savoie | Comptes rendus, PV, d\u00e9lib\u00e9rations du Conseil communautaire\" \/>\n<meta name=\"robots\" content=\"index, follow, max-snippet:-1, max-image-preview:large, max-video-preview:-1\" \/>\n<link rel=\"canonical\" href=\"https:\/\/www.ccvalguiers.fr\/infos\/seance-du-02-03-2026\/\" \/>\n<meta property=\"og:locale\" content=\"fr_FR\" \/>\n<meta property=\"og:type\" content=\"article\" \/>\n<meta property=\"og:title\" content=\"S\u00e9ance du 02\/03\/2026\" \/>\n<meta property=\"og:description\" content=\"S\u00e9ance du 02\/03\/2026 | Communaut\u00e9 de Communes Val Guiers | Savoie | Comptes rendus, PV, d\u00e9lib\u00e9rations du Conseil communautaire\" \/>\n<meta property=\"og:url\" content=\"https:\/\/www.ccvalguiers.fr\/infos\/seance-du-02-03-2026\/\" \/>\n<meta property=\"og:site_name\" content=\"Communaut\u00e9 de Communes Val Guiers\" \/>\n<meta property=\"article:published_time\" content=\"2026-04-21T13:46:45+00:00\" \/>\n<meta property=\"article:modified_time\" content=\"2026-04-21T13:47:16+00:00\" \/>\n<meta property=\"og:image\" content=\"https:\/\/www.ccvalguiers.fr\/infos\/wp-content\/uploads\/2023\/04\/modele-miniature-CIAS.jpg\" \/>\n\t<meta property=\"og:image:width\" content=\"850\" \/>\n\t<meta property=\"og:image:height\" content=\"567\" \/>\n\t<meta property=\"og:image:type\" content=\"image\/jpeg\" \/>\n<meta name=\"author\" content=\"AdmCCVG-73330\" \/>\n<meta name=\"twitter:card\" content=\"summary_large_image\" \/>\n<meta name=\"twitter:label1\" content=\"\u00c9crit par\" \/>\n\t<meta name=\"twitter:data1\" content=\"AdmCCVG-73330\" \/>\n\t<meta name=\"twitter:label2\" content=\"Dur\u00e9e de lecture estim\u00e9e\" \/>\n\t<meta name=\"twitter:data2\" content=\"1 minute\" \/>\n<script type=\"application\/ld+json\" class=\"yoast-schema-graph\">{\"@context\":\"https:\\\/\\\/schema.org\",\"@graph\":[{\"@type\":\"Article\",\"@id\":\"https:\\\/\\\/www.ccvalguiers.fr\\\/infos\\\/seance-du-02-03-2026\\\/#article\",\"isPartOf\":{\"@id\":\"https:\\\/\\\/www.ccvalguiers.fr\\\/infos\\\/seance-du-02-03-2026\\\/\"},\"author\":{\"name\":\"AdmCCVG-73330\",\"@id\":\"https:\\\/\\\/www.ccvalguiers.fr\\\/infos\\\/#\\\/schema\\\/person\\\/33156ecce95b2672dc0b9614b6c7d2b6\"},\"headline\":\"S\u00e9ance du 02\\\/03\\\/2026\",\"datePublished\":\"2026-04-21T13:46:45+00:00\",\"dateModified\":\"2026-04-21T13:47:16+00:00\",\"mainEntityOfPage\":{\"@id\":\"https:\\\/\\\/www.ccvalguiers.fr\\\/infos\\\/seance-du-02-03-2026\\\/\"},\"wordCount\":595,\"publisher\":{\"@id\":\"https:\\\/\\\/www.ccvalguiers.fr\\\/infos\\\/#organization\"},\"image\":{\"@id\":\"https:\\\/\\\/www.ccvalguiers.fr\\\/infos\\\/seance-du-02-03-2026\\\/#primaryimage\"},\"thumbnailUrl\":\"https:\\\/\\\/www.ccvalguiers.fr\\\/infos\\\/wp-content\\\/uploads\\\/2023\\\/04\\\/modele-miniature-CIAS.jpg\",\"articleSection\":[\"CIAS\"],\"inLanguage\":\"fr-FR\"},{\"@type\":\"WebPage\",\"@id\":\"https:\\\/\\\/www.ccvalguiers.fr\\\/infos\\\/seance-du-02-03-2026\\\/\",\"url\":\"https:\\\/\\\/www.ccvalguiers.fr\\\/infos\\\/seance-du-02-03-2026\\\/\",\"name\":\"S\u00e9ance du 02\\\/03\\\/2026\",\"isPartOf\":{\"@id\":\"https:\\\/\\\/www.ccvalguiers.fr\\\/infos\\\/#website\"},\"primaryImageOfPage\":{\"@id\":\"https:\\\/\\\/www.ccvalguiers.fr\\\/infos\\\/seance-du-02-03-2026\\\/#primaryimage\"},\"image\":{\"@id\":\"https:\\\/\\\/www.ccvalguiers.fr\\\/infos\\\/seance-du-02-03-2026\\\/#primaryimage\"},\"thumbnailUrl\":\"https:\\\/\\\/www.ccvalguiers.fr\\\/infos\\\/wp-content\\\/uploads\\\/2023\\\/04\\\/modele-miniature-CIAS.jpg\",\"datePublished\":\"2026-04-21T13:46:45+00:00\",\"dateModified\":\"2026-04-21T13:47:16+00:00\",\"description\":\"S\u00e9ance du 02\\\/03\\\/2026 | Communaut\u00e9 de Communes Val Guiers | Savoie | Comptes rendus, PV, d\u00e9lib\u00e9rations du Conseil communautaire\",\"breadcrumb\":{\"@id\":\"https:\\\/\\\/www.ccvalguiers.fr\\\/infos\\\/seance-du-02-03-2026\\\/#breadcrumb\"},\"inLanguage\":\"fr-FR\",\"potentialAction\":[{\"@type\":\"ReadAction\",\"target\":[\"https:\\\/\\\/www.ccvalguiers.fr\\\/infos\\\/seance-du-02-03-2026\\\/\"]}]},{\"@type\":\"ImageObject\",\"inLanguage\":\"fr-FR\",\"@id\":\"https:\\\/\\\/www.ccvalguiers.fr\\\/infos\\\/seance-du-02-03-2026\\\/#primaryimage\",\"url\":\"https:\\\/\\\/www.ccvalguiers.fr\\\/infos\\\/wp-content\\\/uploads\\\/2023\\\/04\\\/modele-miniature-CIAS.jpg\",\"contentUrl\":\"https:\\\/\\\/www.ccvalguiers.fr\\\/infos\\\/wp-content\\\/uploads\\\/2023\\\/04\\\/modele-miniature-CIAS.jpg\",\"width\":850,\"height\":567,\"caption\":\"modele miniature CIAS\"},{\"@type\":\"BreadcrumbList\",\"@id\":\"https:\\\/\\\/www.ccvalguiers.fr\\\/infos\\\/seance-du-02-03-2026\\\/#breadcrumb\",\"itemListElement\":[{\"@type\":\"ListItem\",\"position\":1,\"name\":\"Accueil\",\"item\":\"https:\\\/\\\/www.ccvalguiers.fr\\\/infos\\\/\"},{\"@type\":\"ListItem\",\"position\":2,\"name\":\"CIAS\",\"item\":\"https:\\\/\\\/www.ccvalguiers.fr\\\/infos\\\/category\\\/cias\\\/\"},{\"@type\":\"ListItem\",\"position\":3,\"name\":\"S\u00e9ance du 02\\\/03\\\/2026\"}]},{\"@type\":\"WebSite\",\"@id\":\"https:\\\/\\\/www.ccvalguiers.fr\\\/infos\\\/#website\",\"url\":\"https:\\\/\\\/www.ccvalguiers.fr\\\/infos\\\/\",\"name\":\"Communaut\u00e9 de Communes Val Guiers\",\"description\":\"CCVG - Territoire de Val Guiers, de Pont-de-Beauvoisin \u00e0 Saint-Genix-les-Villages - 11 communes situ\u00e9es dans l&#039;Avant-Pays Savoyard\",\"publisher\":{\"@id\":\"https:\\\/\\\/www.ccvalguiers.fr\\\/infos\\\/#organization\"},\"alternateName\":\"CCVG\",\"potentialAction\":[{\"@type\":\"SearchAction\",\"target\":{\"@type\":\"EntryPoint\",\"urlTemplate\":\"https:\\\/\\\/www.ccvalguiers.fr\\\/infos\\\/?s={search_term_string}\"},\"query-input\":{\"@type\":\"PropertyValueSpecification\",\"valueRequired\":true,\"valueName\":\"search_term_string\"}}],\"inLanguage\":\"fr-FR\"},{\"@type\":\"Organization\",\"@id\":\"https:\\\/\\\/www.ccvalguiers.fr\\\/infos\\\/#organization\",\"name\":\"Communaut\u00e9 de Communes Val Guiers\",\"alternateName\":\"CCVG\",\"url\":\"https:\\\/\\\/www.ccvalguiers.fr\\\/infos\\\/\",\"logo\":{\"@type\":\"ImageObject\",\"inLanguage\":\"fr-FR\",\"@id\":\"https:\\\/\\\/www.ccvalguiers.fr\\\/infos\\\/#\\\/schema\\\/logo\\\/image\\\/\",\"url\":\"https:\\\/\\\/www.ccvalguiers.fr\\\/infos\\\/wp-content\\\/uploads\\\/2022\\\/07\\\/CC-Val-Guiers-logo-transp.png\",\"contentUrl\":\"https:\\\/\\\/www.ccvalguiers.fr\\\/infos\\\/wp-content\\\/uploads\\\/2022\\\/07\\\/CC-Val-Guiers-logo-transp.png\",\"width\":600,\"height\":602,\"caption\":\"Communaut\u00e9 de Communes Val Guiers\"},\"image\":{\"@id\":\"https:\\\/\\\/www.ccvalguiers.fr\\\/infos\\\/#\\\/schema\\\/logo\\\/image\\\/\"}},{\"@type\":\"Person\",\"@id\":\"https:\\\/\\\/www.ccvalguiers.fr\\\/infos\\\/#\\\/schema\\\/person\\\/33156ecce95b2672dc0b9614b6c7d2b6\",\"name\":\"AdmCCVG-73330\",\"image\":{\"@type\":\"ImageObject\",\"inLanguage\":\"fr-FR\",\"@id\":\"https:\\\/\\\/secure.gravatar.com\\\/avatar\\\/558828748d4f778a3afa84efca2c9421eda3d167da65863c7603b968b182e1af?s=96&d=mm&r=g\",\"url\":\"https:\\\/\\\/secure.gravatar.com\\\/avatar\\\/558828748d4f778a3afa84efca2c9421eda3d167da65863c7603b968b182e1af?s=96&d=mm&r=g\",\"contentUrl\":\"https:\\\/\\\/secure.gravatar.com\\\/avatar\\\/558828748d4f778a3afa84efca2c9421eda3d167da65863c7603b968b182e1af?s=96&d=mm&r=g\",\"caption\":\"AdmCCVG-73330\"}}]}<\/script>\n<!-- \/ Yoast SEO plugin. -->","yoast_head_json":{"title":"S\u00e9ance du 02\/03\/2026","description":"S\u00e9ance du 02\/03\/2026 | Communaut\u00e9 de Communes Val Guiers | Savoie | Comptes rendus, PV, d\u00e9lib\u00e9rations du Conseil communautaire","robots":{"index":"index","follow":"follow","max-snippet":"max-snippet:-1","max-image-preview":"max-image-preview:large","max-video-preview":"max-video-preview:-1"},"canonical":"https:\/\/www.ccvalguiers.fr\/infos\/seance-du-02-03-2026\/","og_locale":"fr_FR","og_type":"article","og_title":"S\u00e9ance du 02\/03\/2026","og_description":"S\u00e9ance du 02\/03\/2026 | Communaut\u00e9 de Communes Val Guiers | Savoie | Comptes rendus, PV, d\u00e9lib\u00e9rations du Conseil communautaire","og_url":"https:\/\/www.ccvalguiers.fr\/infos\/seance-du-02-03-2026\/","og_site_name":"Communaut\u00e9 de Communes Val Guiers","article_published_time":"2026-04-21T13:46:45+00:00","article_modified_time":"2026-04-21T13:47:16+00:00","og_image":[{"width":850,"height":567,"url":"https:\/\/www.ccvalguiers.fr\/infos\/wp-content\/uploads\/2023\/04\/modele-miniature-CIAS.jpg","type":"image\/jpeg"}],"author":"AdmCCVG-73330","twitter_card":"summary_large_image","twitter_misc":{"\u00c9crit par":"AdmCCVG-73330","Dur\u00e9e de lecture estim\u00e9e":"1 minute"},"schema":{"@context":"https:\/\/schema.org","@graph":[{"@type":"Article","@id":"https:\/\/www.ccvalguiers.fr\/infos\/seance-du-02-03-2026\/#article","isPartOf":{"@id":"https:\/\/www.ccvalguiers.fr\/infos\/seance-du-02-03-2026\/"},"author":{"name":"AdmCCVG-73330","@id":"https:\/\/www.ccvalguiers.fr\/infos\/#\/schema\/person\/33156ecce95b2672dc0b9614b6c7d2b6"},"headline":"S\u00e9ance du 02\/03\/2026","datePublished":"2026-04-21T13:46:45+00:00","dateModified":"2026-04-21T13:47:16+00:00","mainEntityOfPage":{"@id":"https:\/\/www.ccvalguiers.fr\/infos\/seance-du-02-03-2026\/"},"wordCount":595,"publisher":{"@id":"https:\/\/www.ccvalguiers.fr\/infos\/#organization"},"image":{"@id":"https:\/\/www.ccvalguiers.fr\/infos\/seance-du-02-03-2026\/#primaryimage"},"thumbnailUrl":"https:\/\/www.ccvalguiers.fr\/infos\/wp-content\/uploads\/2023\/04\/modele-miniature-CIAS.jpg","articleSection":["CIAS"],"inLanguage":"fr-FR"},{"@type":"WebPage","@id":"https:\/\/www.ccvalguiers.fr\/infos\/seance-du-02-03-2026\/","url":"https:\/\/www.ccvalguiers.fr\/infos\/seance-du-02-03-2026\/","name":"S\u00e9ance du 02\/03\/2026","isPartOf":{"@id":"https:\/\/www.ccvalguiers.fr\/infos\/#website"},"primaryImageOfPage":{"@id":"https:\/\/www.ccvalguiers.fr\/infos\/seance-du-02-03-2026\/#primaryimage"},"image":{"@id":"https:\/\/www.ccvalguiers.fr\/infos\/seance-du-02-03-2026\/#primaryimage"},"thumbnailUrl":"https:\/\/www.ccvalguiers.fr\/infos\/wp-content\/uploads\/2023\/04\/modele-miniature-CIAS.jpg","datePublished":"2026-04-21T13:46:45+00:00","dateModified":"2026-04-21T13:47:16+00:00","description":"S\u00e9ance du 02\/03\/2026 | Communaut\u00e9 de Communes Val Guiers | Savoie | Comptes rendus, PV, d\u00e9lib\u00e9rations du Conseil communautaire","breadcrumb":{"@id":"https:\/\/www.ccvalguiers.fr\/infos\/seance-du-02-03-2026\/#breadcrumb"},"inLanguage":"fr-FR","potentialAction":[{"@type":"ReadAction","target":["https:\/\/www.ccvalguiers.fr\/infos\/seance-du-02-03-2026\/"]}]},{"@type":"ImageObject","inLanguage":"fr-FR","@id":"https:\/\/www.ccvalguiers.fr\/infos\/seance-du-02-03-2026\/#primaryimage","url":"https:\/\/www.ccvalguiers.fr\/infos\/wp-content\/uploads\/2023\/04\/modele-miniature-CIAS.jpg","contentUrl":"https:\/\/www.ccvalguiers.fr\/infos\/wp-content\/uploads\/2023\/04\/modele-miniature-CIAS.jpg","width":850,"height":567,"caption":"modele miniature CIAS"},{"@type":"BreadcrumbList","@id":"https:\/\/www.ccvalguiers.fr\/infos\/seance-du-02-03-2026\/#breadcrumb","itemListElement":[{"@type":"ListItem","position":1,"name":"Accueil","item":"https:\/\/www.ccvalguiers.fr\/infos\/"},{"@type":"ListItem","position":2,"name":"CIAS","item":"https:\/\/www.ccvalguiers.fr\/infos\/category\/cias\/"},{"@type":"ListItem","position":3,"name":"S\u00e9ance du 02\/03\/2026"}]},{"@type":"WebSite","@id":"https:\/\/www.ccvalguiers.fr\/infos\/#website","url":"https:\/\/www.ccvalguiers.fr\/infos\/","name":"Communaut\u00e9 de Communes Val Guiers","description":"CCVG - Territoire de Val Guiers, de Pont-de-Beauvoisin \u00e0 Saint-Genix-les-Villages - 11 communes situ\u00e9es dans l&#039;Avant-Pays Savoyard","publisher":{"@id":"https:\/\/www.ccvalguiers.fr\/infos\/#organization"},"alternateName":"CCVG","potentialAction":[{"@type":"SearchAction","target":{"@type":"EntryPoint","urlTemplate":"https:\/\/www.ccvalguiers.fr\/infos\/?s={search_term_string}"},"query-input":{"@type":"PropertyValueSpecification","valueRequired":true,"valueName":"search_term_string"}}],"inLanguage":"fr-FR"},{"@type":"Organization","@id":"https:\/\/www.ccvalguiers.fr\/infos\/#organization","name":"Communaut\u00e9 de Communes Val Guiers","alternateName":"CCVG","url":"https:\/\/www.ccvalguiers.fr\/infos\/","logo":{"@type":"ImageObject","inLanguage":"fr-FR","@id":"https:\/\/www.ccvalguiers.fr\/infos\/#\/schema\/logo\/image\/","url":"https:\/\/www.ccvalguiers.fr\/infos\/wp-content\/uploads\/2022\/07\/CC-Val-Guiers-logo-transp.png","contentUrl":"https:\/\/www.ccvalguiers.fr\/infos\/wp-content\/uploads\/2022\/07\/CC-Val-Guiers-logo-transp.png","width":600,"height":602,"caption":"Communaut\u00e9 de Communes Val Guiers"},"image":{"@id":"https:\/\/www.ccvalguiers.fr\/infos\/#\/schema\/logo\/image\/"}},{"@type":"Person","@id":"https:\/\/www.ccvalguiers.fr\/infos\/#\/schema\/person\/33156ecce95b2672dc0b9614b6c7d2b6","name":"AdmCCVG-73330","image":{"@type":"ImageObject","inLanguage":"fr-FR","@id":"https:\/\/secure.gravatar.com\/avatar\/558828748d4f778a3afa84efca2c9421eda3d167da65863c7603b968b182e1af?s=96&d=mm&r=g","url":"https:\/\/secure.gravatar.com\/avatar\/558828748d4f778a3afa84efca2c9421eda3d167da65863c7603b968b182e1af?s=96&d=mm&r=g","contentUrl":"https:\/\/secure.gravatar.com\/avatar\/558828748d4f778a3afa84efca2c9421eda3d167da65863c7603b968b182e1af?s=96&d=mm&r=g","caption":"AdmCCVG-73330"}}]}},"publishpress_future_action":{"enabled":false,"date":"2026-05-04 10:18:41","action":"change-status","newStatus":"draft","terms":[],"taxonomy":"category","extraData":[]},"publishpress_future_workflow_manual_trigger":{"enabledWorkflows":[]},"_links":{"self":[{"href":"https:\/\/www.ccvalguiers.fr\/infos\/wp-json\/wp\/v2\/posts\/7921","targetHints":{"allow":["GET"]}}],"collection":[{"href":"https:\/\/www.ccvalguiers.fr\/infos\/wp-json\/wp\/v2\/posts"}],"about":[{"href":"https:\/\/www.ccvalguiers.fr\/infos\/wp-json\/wp\/v2\/types\/post"}],"author":[{"embeddable":true,"href":"https:\/\/www.ccvalguiers.fr\/infos\/wp-json\/wp\/v2\/users\/3"}],"replies":[{"embeddable":true,"href":"https:\/\/www.ccvalguiers.fr\/infos\/wp-json\/wp\/v2\/comments?post=7921"}],"version-history":[{"count":2,"href":"https:\/\/www.ccvalguiers.fr\/infos\/wp-json\/wp\/v2\/posts\/7921\/revisions"}],"predecessor-version":[{"id":7945,"href":"https:\/\/www.ccvalguiers.fr\/infos\/wp-json\/wp\/v2\/posts\/7921\/revisions\/7945"}],"wp:featuredmedia":[{"embeddable":true,"href":"https:\/\/www.ccvalguiers.fr\/infos\/wp-json\/wp\/v2\/media\/3394"}],"wp:attachment":[{"href":"https:\/\/www.ccvalguiers.fr\/infos\/wp-json\/wp\/v2\/media?parent=7921"}],"wp:term":[{"taxonomy":"category","embeddable":true,"href":"https:\/\/www.ccvalguiers.fr\/infos\/wp-json\/wp\/v2\/categories?post=7921"},{"taxonomy":"post_tag","embeddable":true,"href":"https:\/\/www.ccvalguiers.fr\/infos\/wp-json\/wp\/v2\/tags?post=7921"}],"curies":[{"name":"wp","href":"https:\/\/api.w.org\/{rel}","templated":true}]}}